{"id":1028,"date":"2011-10-01T14:29:34","date_gmt":"2011-10-01T13:29:34","guid":{"rendered":"http:\/\/italiejumelage.saintmedardasso.fr\/?p=1028"},"modified":"2011-10-01T14:38:54","modified_gmt":"2011-10-01T13:38:54","slug":"1028","status":"publish","type":"post","link":"https:\/\/italiejumelage.saintmedardasso.fr\/?p=1028","title":{"rendered":"Voyage avec nos amis du comit\u00e9 Allemagne"},"content":{"rendered":"<p>Le comit\u00e9 Allemagne organise <strong>une sortie sur Rochefort  le dimanche 16 octobre 2011<\/strong> et vous propose ainsi qu&rsquo;aux adh\u00e9rents du  comit\u00e9 Espagne et Italie qui sont int\u00e9ress\u00e9s de se joindre \u00e0 nous, dans la  limite des places disponibles.<\/p>\n<p><strong><span style=\"text-decoration: underline;\"> programme <\/span><\/strong><\/p>\n<p>\u2022  Rendez vous \u00e0 8 h 15 derri\u00e8re  le centre culturel de St M\u00e9dard. D\u00e9part en bus pour  <strong>ROCHEFORT<\/strong><\/p>\n<p>\u2022 A 11H <strong>Visite  guid\u00e9e<\/strong> de la <strong>CORDERIE ROYALE<\/strong>, la plus longue  manufacture d\u2019Europe au XVII\u00e8me  si\u00e8cle, lieu de m\u00e9moire et de vie consacr\u00e9e \u00e0  l\u2019activit\u00e9 maritime. D\u00e9couvrez les secrets de la fabrication des cordages et  l\u2019histoire du site.<\/p>\n<p>\u2022 D\u00e9jeuner <strong>pique-nique<\/strong> au <strong>JARDIN  DES RETOURS <\/strong>Chacun apporte son panier, ses boissons et un dessert que  l\u2019on partagera tous ensemble comme d\u2019habitude !!!<\/p>\n<p><strong> <\/strong><\/p>\n<p>\u2022 A 14H <strong>Visite  guid\u00e9e<\/strong> d\u20191H30 du chantier de reconstruction de  l\u2019<strong>HERMIONE<\/strong>. Fr\u00e9gate du XVIII\u00e8me si\u00e8cle, construite \u00e0  <strong>ROCHEFORT<\/strong>, sur laquelle va s\u2019embarquer le jeune marquis de La  Fayette. Derri\u00e8re ce grand d\u00e9fi, d\u00e9couvrez une p\u00e9riode faste de l\u2019histoire  navale fran\u00e7aise. Les charpentiers, \u00e9b\u00e9nistes, forgerons travaillent sous vos  yeux.<\/p>\n<p>\u2022 A 15H30 <strong>Travers\u00e9e de la  Charente<\/strong> par le <strong>PONT TRANSBORDEUR,<\/strong> qui relie ROCHEFORT  \u00e0 ECHILLAIS Ce pont repose sur 2 pyl\u00f4nes m\u00e9talliques, un tablier culminant \u00e0 50  m\u00e8tres, relie ces deux pyl\u00f4nes entre eux. Une nacelle suspendue \u00e0 ce tablier  permet aux passagers de passer d\u2019une rive \u00e0 l\u2019autre. Visite libre de la Maison  du Transbordeur qui pr\u00e9sente l\u2019histoire des ponts et des franchissements de la  Charente.<\/p>\n<p><strong><span style=\"text-decoration: underline;\">Retour vers 19 h 30<\/span><\/strong><\/p>\n<p>&nbsp;<\/p>\n<p><strong>Le prix de la sortie s&rsquo;\u00e9l\u00e8ve  \u00e0 39 \u20ac par  personne<\/strong>, comprenant le tarif de groupe avec les visites, la prestation  d&rsquo;un guide, le bus et la travers\u00e9e de la Charente.<\/p>\n<p><strong>SI VOUS ETES INTERESSE PAR CETTE SORTIE  MERCI DE  REPONDRE <span style=\"text-decoration: underline;\">AU PLUS TARD LE 03 octobre 2011<\/span> :  Vous pouvez nous contacter  par mail ou au 06 87 88 67 60,<\/strong> <strong>merci d&rsquo;adresser<\/strong> <strong>votre inscription accompagn\u00e9e de votre ch\u00e8que \u00e0 l&rsquo;ordre du Comit\u00e9  de Jumelage Allemagne  \u00e0 Jo\u00eblle Perinelle, 8 all\u00e9e du Fontenoy 33160 St Aubin de  M\u00e9doc<\/strong>.<br \/>\n<object width=\"480\" height=\"360\"><param name=\"movie\" value=\"http:\/\/www.youtube.com\/v\/0WX35NeUr-4?version=3&amp;hl=fr_FR\"><\/param><param name=\"allowFullScreen\" value=\"true\"><\/param><param name=\"allowscriptaccess\" value=\"always\"><\/param><embed src=\"http:\/\/www.youtube.com\/v\/0WX35NeUr-4?version=3&amp;hl=fr_FR\" type=\"application\/x-shockwave-flash\" width=\"480\" height=\"360\" allowscriptaccess=\"always\" allowfullscreen=\"true\"><\/embed><\/object><\/p>\n","protected":false},"excerpt":{"rendered":"<p>Le comit\u00e9 Allemagne organise une sortie sur Rochefort le dimanche 16 octobre&hellip;<\/p>\n","protected":false},"author":17,"featured_media":0,"comment_status":"open","ping_status":"open","sticky":false,"template":"","format":"standard","meta":{"footnotes":""},"categories":[14,10],"tags":[],"class_list":["post-1028","post","type-post","status-publish","format-standard","hentry","category-vie-de-lassociation","category-voyages"],"_links":{"self":[{"href":"https:\/\/italiejumelage.saintmedardasso.fr\/index.php?rest_route=\/wp\/v2\/posts\/1028","targetHints":{"allow":["GET"]}}],"collection":[{"href":"https:\/\/italiejumelage.saintmedardasso.fr\/index.php?rest_route=\/wp\/v2\/posts"}],"about":[{"href":"https:\/\/italiejumelage.saintmedardasso.fr\/index.php?rest_route=\/wp\/v2\/types\/post"}],"author":[{"embeddable":true,"href":"https:\/\/italiejumelage.saintmedardasso.fr\/index.php?rest_route=\/wp\/v2\/users\/17"}],"replies":[{"embeddable":true,"href":"https:\/\/italiejumelage.saintmedardasso.fr\/index.php?rest_route=%2Fwp%2Fv2%2Fcomments&post=1028"}],"version-history":[{"count":6,"href":"https:\/\/italiejumelage.saintmedardasso.fr\/index.php?rest_route=\/wp\/v2\/posts\/1028\/revisions"}],"predecessor-version":[{"id":1034,"href":"https:\/\/italiejumelage.saintmedardasso.fr\/index.php?rest_route=\/wp\/v2\/posts\/1028\/revisions\/1034"}],"wp:attachment":[{"href":"https:\/\/italiejumelage.saintmedardasso.fr\/index.php?rest_route=%2Fwp%2Fv2%2Fmedia&parent=1028"}],"wp:term":[{"taxonomy":"category","embeddable":true,"href":"https:\/\/italiejumelage.saintmedardasso.fr\/index.php?rest_route=%2Fwp%2Fv2%2Fcategories&post=1028"},{"taxonomy":"post_tag","embeddable":true,"href":"https:\/\/italiejumelage.saintmedardasso.fr\/index.php?rest_route=%2Fwp%2Fv2%2Ftags&post=1028"}],"curies":[{"name":"wp","href":"https:\/\/api.w.org\/{rel}","templated":true}]}}