{"id":1083,"date":"2011-10-23T13:53:10","date_gmt":"2011-10-23T12:53:10","guid":{"rendered":"http:\/\/italiejumelage.saintmedardasso.fr\/?p=1083"},"modified":"2024-06-30T18:42:15","modified_gmt":"2024-06-30T16:42:15","slug":"1083","status":"publish","type":"post","link":"https:\/\/italiejumelage.saintmedardasso.fr\/?p=1083","title":{"rendered":"Accueil des familles italiennes"},"content":{"rendered":"<h3><span style=\"font-family: Arial; color: #000000;\"><em>Nos amis de Sabaudia vont \u00eatre parmi nous la semaine prochaine , nous sommes en train de pr\u00e9parer leur s\u00e9jour ,<span style=\"text-decoration: underline;\"> toutes les bonnes volont\u00e9s sont les bienvenues, si vous le pouvez venez nous donner un coup de main ; m\u00eame si vous ne pouvez pas loger une famille, vous pouvez participer \u00e0 leur accueil.<\/span> Venez parler italien !!!<\/em><\/span><\/h3>\n<h3><span style=\"color: #000000;\"><em><span style=\"font-family: Arial; font-size: medium;\">Ils arrivent en avion ce qui veut dire pour nous que nous ne disposons pas de bus collectif, la municipalit\u00e9 mets \u00e0 notre service un mini car de 9 personnes. De ce fait les transports se feront en voiture individuelle ou en tramway.<\/span><\/em><\/span><\/h3>\n<h3><span style=\"color: #000000;\"><em><span style=\"font-family: Arial; font-size: medium;\">Voici le programme que nous avons imagin\u00e9 . une r\u00e9union finale aura lieu lundi 14h maison silhouette<\/span><\/em><\/span><\/h3>\n<h2>Programme g\u00e9n\u00e9ral du mercredi 26 au dimanche 30\/10\/2011<\/h2>\n<h3>mercredi 26 octobre 2011<\/h3>\n<ul>\n<li>arriv\u00e9e 10h50 (A\u00e9roport M\u00e9rignac)<\/li>\n<\/ul>\n<p>journ\u00e9e libre dans les familles<\/p>\n<h3>Jeudi 27 octobre 2011<\/h3>\n<ul>\n<li>Visite collective de Bordeaux : D\u00e9part en tram depuis M\u00e9rignac, Ceux qui le peuvent\u00a0 v\u00e9hiculent\u00a0 des italiens jusqu&rsquo;au tram \u00e0 M\u00e9rignac, organisez vous pour le co-voiturage. Les voitures sont laiss\u00e9es dans le parking du tram.<\/li>\n<\/ul>\n<ul>\n<li>Promenade dans la ville\u00a0 Julien Semidor sera notre guide<img loading=\"lazy\" decoding=\"async\" class=\"aligncenter size-medium wp-image-1096\" title=\"bORDEAUX-2010-web\" src=\"https:\/\/italiejumelage.saintmedardasso.fr\/wp-content\/uploads\/2011\/10\/bORDEAUX-2010-web-300x225.jpg\" alt=\"\" width=\"300\" height=\"225\" srcset=\"https:\/\/italiejumelage.saintmedardasso.fr\/wp-content\/uploads\/2011\/10\/bORDEAUX-2010-web-300x225.jpg 300w, https:\/\/italiejumelage.saintmedardasso.fr\/wp-content\/uploads\/2011\/10\/bORDEAUX-2010-web.jpg 400w\" sizes=\"auto, (max-width: 300px) 100vw, 300px\" \/><\/li>\n<\/ul>\n<ul>\n<li>Vers midi : Repas au restaurant \u00ab\u00a0Les Docks\u00a0\u00bb Hangar 15.<img loading=\"lazy\" decoding=\"async\" class=\"aligncenter size-medium wp-image-1094\" title=\"resto_detail\" src=\"https:\/\/italiejumelage.saintmedardasso.fr\/wp-content\/uploads\/2011\/10\/resto_detail-300x125.jpg\" alt=\"\" width=\"300\" height=\"125\" srcset=\"https:\/\/italiejumelage.saintmedardasso.fr\/wp-content\/uploads\/2011\/10\/resto_detail-300x125.jpg 300w, https:\/\/italiejumelage.saintmedardasso.fr\/wp-content\/uploads\/2011\/10\/resto_detail.jpg 400w\" sizes=\"auto, (max-width: 300px) 100vw, 300px\" \/><\/li>\n<\/ul>\n<ul>\n<li>Apr\u00e8s-midi : shopping dans les rues de Bordeaux : rue Ste Catherine, Galeries Lafayette&#8230;&#8230;<\/li>\n<\/ul>\n<h3>Vendredi 28 octobre 2011<\/h3>\n<ul>\n<li>Bapt\u00eame de la rame de Tramway : 14 h 30<\/li>\n<\/ul>\n<p>Lieu: Ateliers du tramway, Rue Boutier Bordeaux &#8211; Bastide<\/p>\n<p>Chacun s&rsquo;y rend par ses propres moyens .Le reste de la journ\u00e9e est \u00e0 votre convenance.<\/p>\n<h3>Samedi 29 octobre 2011<\/h3>\n<ul>\n<li>ANDERNOS : 7\u00e8me SALON FRANCO ITALIEN de l\u2019Association France Italie Aquitaine . salle Rosazza, pr\u00e8s du Casino Miami<\/li>\n<\/ul>\n<p>Exposants :<\/p>\n<p>o\u00a0\u00a0\u00a0\u00a0\u00a0\u00a0 Iacopo Lastrucci\u00a0 Ma\u00eetre Mosa\u00efste de Florence .<\/p>\n<p>o\u00a0\u00a0\u00a0\u00a0\u00a0\u00a0 Obre Enea\u00a0 styliste cr\u00e9ateur de bijoux \u00ab\u00a0Haute Couture\u00a0\u00bb .<\/p>\n<p>o\u00a0\u00a0\u00a0\u00a0\u00a0\u00a0 .Yves Motti (artiste peintre cot\u00e9).<\/p>\n<p>o\u00a0\u00a0\u00a0\u00a0\u00a0\u00a0 deux sculpteurs m\u00e9tal<\/p>\n<p>o\u00a0\u00a0\u00a0\u00a0\u00a0\u00a0 plusieurs exposants assurent des d\u00e9monstrations de leur travail devant le public. comme chaque ann\u00e9e, la gastronomie italienne sera \u00e0 l\u2019honneur.<\/p>\n<ul>\n<li>midi : repas tous ensemble\u00a0 au restaurant italien du salon.<\/li>\n<\/ul>\n<ul>\n<li>On imagine une promenade vers le cap Ferret dans l\u2019apr\u00e8s-midi<img loading=\"lazy\" decoding=\"async\" class=\"aligncenter size-medium wp-image-1098\" title=\"cap-ferret-2008-web\" src=\"https:\/\/italiejumelage.saintmedardasso.fr\/wp-content\/uploads\/2011\/10\/cap-ferret-2008-web-300x198.jpg\" alt=\"\" width=\"300\" height=\"198\" srcset=\"https:\/\/italiejumelage.saintmedardasso.fr\/wp-content\/uploads\/2011\/10\/cap-ferret-2008-web-300x198.jpg 300w, https:\/\/italiejumelage.saintmedardasso.fr\/wp-content\/uploads\/2011\/10\/cap-ferret-2008-web.jpg 350w\" sizes=\"auto, (max-width: 300px) 100vw, 300px\" \/><\/li>\n<\/ul>\n<h3>dimanche 30 octobre 2011<\/h3>\n<ul>\n<li>D\u00e9part \u00e0 14 h A\u00e9roport M\u00e9rignac<\/li>\n<\/ul>\n","protected":false},"excerpt":{"rendered":"<p>Nos amis de Sabaudia vont \u00eatre parmi nous la semaine prochaine ,&hellip;<\/p>\n","protected":false},"author":17,"featured_media":0,"comment_status":"open","ping_status":"open","sticky":false,"template":"","format":"standard","meta":{"footnotes":""},"categories":[14],"tags":[],"class_list":["post-1083","post","type-post","status-publish","format-standard","hentry","category-vie-de-lassociation"],"_links":{"self":[{"href":"https:\/\/italiejumelage.saintmedardasso.fr\/index.php?rest_route=\/wp\/v2\/posts\/1083","targetHints":{"allow":["GET"]}}],"collection":[{"href":"https:\/\/italiejumelage.saintmedardasso.fr\/index.php?rest_route=\/wp\/v2\/posts"}],"about":[{"href":"https:\/\/italiejumelage.saintmedardasso.fr\/index.php?rest_route=\/wp\/v2\/types\/post"}],"author":[{"embeddable":true,"href":"https:\/\/italiejumelage.saintmedardasso.fr\/index.php?rest_route=\/wp\/v2\/users\/17"}],"replies":[{"embeddable":true,"href":"https:\/\/italiejumelage.saintmedardasso.fr\/index.php?rest_route=%2Fwp%2Fv2%2Fcomments&post=1083"}],"version-history":[{"count":16,"href":"https:\/\/italiejumelage.saintmedardasso.fr\/index.php?rest_route=\/wp\/v2\/posts\/1083\/revisions"}],"predecessor-version":[{"id":4201,"href":"https:\/\/italiejumelage.saintmedardasso.fr\/index.php?rest_route=\/wp\/v2\/posts\/1083\/revisions\/4201"}],"wp:attachment":[{"href":"https:\/\/italiejumelage.saintmedardasso.fr\/index.php?rest_route=%2Fwp%2Fv2%2Fmedia&parent=1083"}],"wp:term":[{"taxonomy":"category","embeddable":true,"href":"https:\/\/italiejumelage.saintmedardasso.fr\/index.php?rest_route=%2Fwp%2Fv2%2Fcategories&post=1083"},{"taxonomy":"post_tag","embeddable":true,"href":"https:\/\/italiejumelage.saintmedardasso.fr\/index.php?rest_route=%2Fwp%2Fv2%2Ftags&post=1083"}],"curies":[{"name":"wp","href":"https:\/\/api.w.org\/{rel}","templated":true}]}}