{"id":1508,"date":"2013-01-28T22:49:49","date_gmt":"2013-01-28T21:49:49","guid":{"rendered":"http:\/\/italiejumelage.saintmedardasso.fr\/?p=1508"},"modified":"2013-02-14T19:43:02","modified_gmt":"2013-02-14T18:43:02","slug":"andrea-palladio-architecte","status":"publish","type":"post","link":"https:\/\/italiejumelage.saintmedardasso.fr\/?p=1508","title":{"rendered":"Andrea Palladio Architecte"},"content":{"rendered":"<div><img loading=\"lazy\" decoding=\"async\" src=\"http:\/\/upload.wikimedia.org\/wikipedia\/commons\/thumb\/d\/d2\/Andrea_Palladio.png\/200px-Andrea_Palladio.png\" alt=\"\" width=\"100\" height=\"138\" \/> N<em>\u00e9 \u00e0 Padoue le 30 novembre  1508 et mort \u00e0 Vicence le 19 ao\u00fbt 1580 est un architecte de la  Renaissance italienne. Il est l&rsquo;auteur d&rsquo;un trait\u00e9 intitul\u00e9 <span style=\"text-decoration: underline;\">Les Quatre  Livres<\/span><\/em><span style=\"text-decoration: underline;\"><em> de<\/em><\/span><em><span style=\"text-decoration: underline;\"> l&rsquo;architecture<\/span>. <\/em><em>Andrea Palladio ne fut pas seulement architecte au sens strict du  mot\u00a0: \u00ab\u00a0sculpteur\u00a0\u00bb d&rsquo;\u00e9difices, il fut capable de dessiner et de  \u00ab\u00a0forger\u00a0\u00bb des structures harmonieusement complexes en rapport avec  l&rsquo;espace environnant. Cette capacit\u00e9 d&rsquo;invention, inspir\u00e9e des grands  mod\u00e8les antiques, s&rsquo;accompagnait cependant d&rsquo;une attention tout aussi  originelle pour les conditions concr\u00e8tes de la cr\u00e9ation et de la  construction. <\/em><\/div>\n<div>\n<p><strong><em><span style=\"color: #a01420;\"><strong><em><span style=\"color: #a01420;\">Les villas\u00a0: architecture et paysage\u00a0 par<\/span><\/em><\/strong><\/span><\/em><\/strong> Lorenzo Pericolo Ma\u00eetre de conf\u00e9rence \u00e0 l&rsquo;universit\u00e9 Rennes II<\/p>\n<p><em>Dans ces villas, Palladio r\u00e9ussit avec autant d&rsquo;habilet\u00e9 et de succ\u00e8s  \u00e0 plier l&rsquo;exemple noble de l&rsquo;architecture antique aux conditions  particuli\u00e8res du paysage. Il serait impossible de d\u00e9nombrer et commenter  tous ses \u00e9difices ruraux, \u00e0 la structure tr\u00e8s diff\u00e9rente. Parmi les  plus importants, on doit rappeler <\/em><\/p>\n<ul>\n<li><em>la villa Barbaro \u00e0 Maser (compl\u00e9t\u00e9e en  1558)<\/em><\/li>\n<\/ul>\n<p><em>,<img loading=\"lazy\" decoding=\"async\" class=\"alignnone\" src=\"http:\/\/www.campiello-venise.com\/villa_brenta\/villa-barbaro-maser\/villa-barbaro-maser-2.jpg\" alt=\"\" width=\"315\" height=\"185\" \/><br \/>\n<\/em><\/p>\n<ul>\n<li><em>la villa Cornaro \u00e0 Piombino Dese (1551-1553),<\/em><\/li>\n<\/ul>\n<p><img loading=\"lazy\" decoding=\"async\" class=\"alignnone\" src=\"http:\/\/www.unav.es\/ha\/006-VILL\/palladio-villas\/Cornorato-piombino-Deseo-019.jpg\" alt=\"\" width=\"314\" height=\"245\" \/><\/p>\n<ul>\n<li><em>la villa Serego\u00a0\u00e0  Santa Sofia di Pedemonte (1552-1559),<\/em><\/li>\n<\/ul>\n<ul>\n<li><em>la villa Badoer \u00e0 Fratta Polesine  (vers 1556),<\/em><\/li>\n<li><img loading=\"lazy\" decoding=\"async\" class=\"alignnone\" src=\"http:\/\/www.unav.es\/ha\/006-VILL\/palladio-villas\/Badoer-Fratta-Polesine-019.jpg\" alt=\"\" width=\"310\" height=\"231\" \/><\/li>\n<li><em>la villa Foscari \u00e0 Malcontenta di Mira (commenc\u00e9e aux  environs de 1558)<\/em><\/li>\n<li><em><img loading=\"lazy\" decoding=\"async\" class=\"alignnone\" src=\"http:\/\/www.unav.es\/ha\/006-VILL\/palladio-villas\/Foscari-malcontenta-016.jpg\" alt=\"\" width=\"310\" height=\"231\" \/><br \/>\n<\/em><\/li>\n<li><em> la villa Almerico-Valmarana, mieux connue sous le  nom de la \u00ab\u00a0Rotonde\u00a0\u00bb.<\/em><\/li>\n<\/ul>\n<p><em> Dans ses <span style=\"text-decoration: underline;\">Quatre livres de l&rsquo;architecture,<\/span> Palladio consacre un chapitre entier au choix des emplacements destin\u00e9s  pour les villas. D&rsquo;abord, dit-il, \u00ab\u00a0on choisira [&#8230;] un lieu commode  pour la maison et, autant qu&rsquo;il sera possible, au milieu des terres qui  en d\u00e9pendront, afin que le ma\u00eetre puisse avoir l&rsquo;\u0153il plus facilement sur  les environs de son h\u00e9ritage et que le fermier ait moins de peine \u00e0  conduire tous les revenus au logis du ma\u00eetre\u00a0\u00bb. D&rsquo;entr\u00e9e de jeu,<span style=\"text-decoration: underline;\"> le  souci principal de l&rsquo;architecte se porte sur des probl\u00e8mes de gestion  \u00e9conomique du domaine.<\/span> Mais Palladio ne n\u00e9glige pas \u2013 loin de l\u00e0 \u2013  l&rsquo;am\u00e9nit\u00e9 des lieux et les charmes du paysage\u00a0: \u00ab\u00a0Si l&rsquo;on peut b\u00e2tir  aupr\u00e8s de quelque rivi\u00e8re, ce sera une belle et avantageuse commodit\u00e9,  parce que l&rsquo;on pourra faire transporter par bateau, en tout temps et  pour peu de frais, les revenus des terres dans les villes [&#8230;], outre  qu&rsquo;elle donnera de la fra\u00eecheur en \u00e9t\u00e9 et sera plaisante \u00e0 voir, et par  son moyen on arrosera facilement les prairies, les jardins \u00e0 fleurs et  les potagers qui sont l&rsquo;\u00e2me et les d\u00e9lices de la campagne.\u00a0\u00bb Ce <span style=\"text-decoration: underline;\">souci  d&rsquo;int\u00e9grer l&rsquo;architecture dans le paysage<\/span> se manifeste dans les  commentaires que Palladio r\u00e9digea dans son trait\u00e9 d&rsquo;architecture. En  illustrant le plan et l&rsquo;\u00e9l\u00e9vation de la villa Serego \u00e0 Santa Sofia di  Pedemonte, non loin de V\u00e9rone,<\/em><\/p>\n<ul>\n<li><img loading=\"lazy\" decoding=\"async\" class=\"alignright\" style=\"margin-left: 6px; margin-right: 6px;\" src=\"http:\/\/www.unav.es\/ha\/006-VILL\/palladio-villas\/Sarego-sofia-009.jpg\" alt=\"\" width=\"311\" height=\"232\" \/><\/li>\n<\/ul>\n<p><em> l&rsquo;architecte note\u00a0: \u00ab\u00a0Elle est situ\u00e9e sur  une fort belle colline d&rsquo;acc\u00e8s facile entre deux petits vallons, d&rsquo;o\u00f9  l&rsquo;on d\u00e9couvre une bonne partie de la ville\u00a0; aux environs, il y a  d&rsquo;autres collines tr\u00e8s divertissantes \u00e0 la vue et abondantes en bonnes  eaux, avec lesquelles on a enrichi les jardins de la maison de plusieurs  fontaines admirables.\u00a0\u00bb S&rsquo;il ne reste rien de ces fontaines, on peut  deviner l&rsquo;ampleur du projet original en consid\u00e9rant les portiques de la  villa. \u00c0 leur sujet, Palladio affirme\u00a0: \u00ab\u00a0La partie de ce b\u00e2timent qui  constitue l&rsquo;appartement du ma\u00eetre et de la famille a une cour entour\u00e9e  de portiques\u00a0; les colonnes sont d&rsquo;ordre ionique, grossi\u00e8rement  taill\u00e9es, ainsi qu&rsquo;il convient \u00e0 une maison champ\u00eatre o\u00f9 les choses  d\u00e9licates et polies n&rsquo;auraient pas tant de rapport que les simples et  naturelles\u00a0; ces colonnes vont soutenir la corniche qui fait goutti\u00e8re  et re\u00e7oit la pluie au droit de la couverture\u00a0; par derri\u00e8re, il y a des  pilastres sous les portiques, qui portent les loges de l&rsquo;\u00e9tage.\u00a0\u00bb Il est  difficile de d\u00e9crire le puissant contraste qui caract\u00e9rise cette  architecture. Les colonnes des portiques, colossales et d\u00e9cor\u00e9es de  chapiteaux ioniques, se dressent autour de la cour avec sym\u00e9trie. Elles  sont constitu\u00e9es de bagues irr\u00e9guli\u00e8res de pierre calcaire, empil\u00e9es les  unes sur les autres, comme pour imiter le caprice de conglom\u00e9rats  rocheux sculpt\u00e9s par la nature elle-m\u00eame. Une balustrade, d\u00e9limitant le  portique \u00e0 l&rsquo;\u00e9tage, brise l&rsquo;enchantement, et signale l&rsquo;artifice de  l&rsquo;architecte. Ce contraste d\u00e9lib\u00e9r\u00e9 entre le naturel et l&rsquo;artificiel, le  rustique et l&rsquo;urbain, r\u00e9v\u00e8le la sensibilit\u00e9 de Palladio et ses id\u00e9aux  architecturaux\u00a0: \u00e0 Santa Sofia comme ailleurs, il visait en effet \u00e0  faire rena\u00eetre sous une forme moderne la structure des anciennes villas  romaines, avec leurs portiques et leurs amples courts.<\/em><br \/>\n<em>Pour ses villas, Palladio <span style=\"text-decoration: underline;\">ne s&rsquo;inspire pas uniquement du mod\u00e8le des  maisons de campagne de l&rsquo;Antiquit\u00e9<\/span>. En l&rsquo;occurrence, <span style=\"text-decoration: underline;\">il emprunte des  \u00e9l\u00e9ments nobles de l&rsquo;architecture religieuse antique,<\/span> comme des  portiques surmont\u00e9s de frontons, ou des salles de plan centr\u00e9 couronn\u00e9es  de d\u00f4mes, \u00e0 l&rsquo;instar du Panth\u00e9on \u00e0 Rome. \u00c0 ce propos, il faut  absolument citer sa c\u00e9l\u00e8bre <span style=\"text-decoration: underline; color: #800000;\">Rotonde<\/span>, <img loading=\"lazy\" decoding=\"async\" class=\"aligncenter\" src=\"http:\/\/udu.ff.cuni.cz\/soubory\/galerie\/renesancni%20architektura%20v%20Italii\/slides\/085%20Vila%20Rotonda%20u%20Vicenzy,%20Andrea%20Palladio,%20po%201566.jpg\" alt=\"\" width=\"600\" height=\"458\" \/><\/em><\/p>\n<ul>\n<li><img loading=\"lazy\" decoding=\"async\" class=\"alignleft\" style=\"margin: 6px;\" src=\"http:\/\/www.unav.es\/ha\/006-VILL\/palladio-villas\/capra-rotonda-Vicenza-049.jpg\" alt=\"\" width=\"306\" height=\"229\" \/><\/li>\n<\/ul>\n<p><em> L&rsquo;architecte lui-m\u00eame en \u00e9tait enti\u00e8rement conscient\u00a0:  puisque sa villa \u00e9tait \u00ab\u00a0avantag\u00e9e de tous les c\u00f4t\u00e9s de tr\u00e8s belles  vues, les unes born\u00e9es, d&rsquo;autres plus lointaines et d&rsquo;autres encore \u00e0  perte de vue, on lui a donn\u00e9 des loges sur ses quatre faces, sous le  plan desquelles, et de la grande salle, on a pratiqu\u00e9 des chambres pour  l&rsquo;usage et la commodit\u00e9 de ceux du logis\u00a0\u00bb. En multipliant par quatre  les portiques et les fa\u00e7ades de la villa, Palladio ne soulignait pas  seulement la structure compacte, organiquement unitaire de cette  construction de plan centr\u00e9, mais il ouvrait aussi la Rotonde sur quatre  perspectives diff\u00e9rentes, comme pour pleinement poss\u00e9der le paysage des  alentours.<\/em><\/p>\n<p>&nbsp;<\/p>\n<p><em><br \/>\n<\/em><\/p>\n<\/div>\n<div>\n<div>\n<div><em><a title=\"Villa Rotonda\" href=\"https:\/\/www.google.fr\/search?hl=fr&amp;newwindow=1&amp;client=firefox-a&amp;hs=GDO&amp;tbo=d&amp;rls=org.mozilla:fr:official&amp;biw=1680&amp;bih=854&amp;q=vicence+villa+rotonda&amp;stick=H4sIAAAAAAAAAGOovnz8BQMDgzEHsxCnfq6-gVFufHm2EphpnJWVUq4lGZBaVJyfF5IfXFJUmlxSWpTqklqcmZ6XmnJu3Zudwt9qlBn0ymZFPEpVXrhzhyUA4XZjUVAAAAA&amp;sa=X&amp;ei=95P9UKSTCqWA0AXchoHQDA&amp;sqi=2&amp;ved=0CJsBEMQNMBA\"><\/a><\/em><\/div>\n<\/div>\n<\/div>\n<p><object width=\"420\" height=\"315\"><param name=\"movie\" value=\"http:\/\/www.youtube.com\/v\/XHUEtELqCU4?hl=fr_FR&amp;version=3&amp;rel=0\" \/><param name=\"allowFullScreen\" value=\"true\" \/><param name=\"allowscriptaccess\" value=\"always\" \/><embed type=\"application\/x-shockwave-flash\" width=\"420\" height=\"315\" src=\"http:\/\/www.youtube.com\/v\/XHUEtELqCU4?hl=fr_FR&amp;version=3&amp;rel=0\" allowscriptaccess=\"always\" allowfullscreen=\"true\"><\/embed><\/object><\/p>\n","protected":false},"excerpt":{"rendered":"<p>N\u00e9 \u00e0 Padoue le 30 novembre 1508 et mort \u00e0 Vicence le&hellip;<\/p>\n","protected":false},"author":17,"featured_media":0,"comment_status":"open","ping_status":"open","sticky":false,"template":"","format":"standard","meta":{"footnotes":""},"categories":[3,9],"tags":[],"class_list":["post-1508","post","type-post","status-publish","format-standard","hentry","category-art","category-italie-en-photos"],"_links":{"self":[{"href":"https:\/\/italiejumelage.saintmedardasso.fr\/index.php?rest_route=\/wp\/v2\/posts\/1508","targetHints":{"allow":["GET"]}}],"collection":[{"href":"https:\/\/italiejumelage.saintmedardasso.fr\/index.php?rest_route=\/wp\/v2\/posts"}],"about":[{"href":"https:\/\/italiejumelage.saintmedardasso.fr\/index.php?rest_route=\/wp\/v2\/types\/post"}],"author":[{"embeddable":true,"href":"https:\/\/italiejumelage.saintmedardasso.fr\/index.php?rest_route=\/wp\/v2\/users\/17"}],"replies":[{"embeddable":true,"href":"https:\/\/italiejumelage.saintmedardasso.fr\/index.php?rest_route=%2Fwp%2Fv2%2Fcomments&post=1508"}],"version-history":[{"count":21,"href":"https:\/\/italiejumelage.saintmedardasso.fr\/index.php?rest_route=\/wp\/v2\/posts\/1508\/revisions"}],"predecessor-version":[{"id":1586,"href":"https:\/\/italiejumelage.saintmedardasso.fr\/index.php?rest_route=\/wp\/v2\/posts\/1508\/revisions\/1586"}],"wp:attachment":[{"href":"https:\/\/italiejumelage.saintmedardasso.fr\/index.php?rest_route=%2Fwp%2Fv2%2Fmedia&parent=1508"}],"wp:term":[{"taxonomy":"category","embeddable":true,"href":"https:\/\/italiejumelage.saintmedardasso.fr\/index.php?rest_route=%2Fwp%2Fv2%2Fcategories&post=1508"},{"taxonomy":"post_tag","embeddable":true,"href":"https:\/\/italiejumelage.saintmedardasso.fr\/index.php?rest_route=%2Fwp%2Fv2%2Ftags&post=1508"}],"curies":[{"name":"wp","href":"https:\/\/api.w.org\/{rel}","templated":true}]}}