{"id":1598,"date":"2013-02-17T11:34:27","date_gmt":"2013-02-17T10:34:27","guid":{"rendered":"http:\/\/italiejumelage.saintmedardasso.fr\/?p=1598"},"modified":"2013-04-11T08:57:20","modified_gmt":"2013-04-11T07:57:20","slug":"editorial","status":"publish","type":"post","link":"https:\/\/italiejumelage.saintmedardasso.fr\/?p=1598","title":{"rendered":"EDITORIAL"},"content":{"rendered":"<p> Le 13  f\u00e9vrier 2013  s&rsquo;est tenu le premier conseil d&rsquo;administration de la nouvelle \u00e9quipe, une s\u00e9ance pleine d&rsquo;enthousiasme et de projets. Nous souhaitons vivement que les adh\u00e9rents de l&rsquo;association encouragent leurs repr\u00e9sentants et, d\u00e8s que le besoin se fait sentir, qu&rsquo;ils apportent leur participation.<br \/>\nEn effet, des conf\u00e9rences sont pr\u00e9vues, pr\u00e9sent\u00e9es par nos professeurs. Elles sont destin\u00e9es \u00e0 promouvoir la culture et l&rsquo;art italiens, parmi les plus riches d&rsquo;Europe.<br \/>\nNotre participation au carnaval  de St-M\u00e9dard est acquise. Paul conduira le char des comit\u00e9s, Guy a imagin\u00e9 une fus\u00e9e a\u00e9rodynamique qu&rsquo;il ne reste plus qu&rsquo;\u00e0 concr\u00e9tiser gr\u00e2ce, entre autres, \u00e0 la participation de Bertrand. Pierrette et son \u00e9quipe vont confectionner des costumes susceptibles de lancer dans l&rsquo;espace ceux qui les mettront.<br \/>\nL&rsquo;atelier cuisine aura lieu le27 avril , \u00e0 la salle Pierre Mend\u00e8s-France, de 8heures 45 \u00e0 15 heures,sous la houlette de Jacky et \u00ab\u00a0Acquolina in bocca\u00a0\u00bb, si bien inaugur\u00e9e par Maryse, refleurira deux fois par an, nous l&rsquo;esp\u00e9rons, avant No\u00ebl et avant P\u00e2ques. L&rsquo;atelier r\u00e9unira les personnes inscrites et leurs conjoints pour savourer un d\u00e9licieux repas.<br \/>\nD&rsquo;autres nourritures, plus intellectuelles. Bertrand va animer une ou plusieurs s\u00e9ances de conversation italienne \u00e0 b\u00e2tons rompus avec tous les adh\u00e9rents du comit\u00e9 qui le souhaitent. La salle et les heures seront bient\u00f4t trouv\u00e9es.<br \/>\nLa f\u00eate de fin d&rsquo;ann\u00e9e, le 20 juin 2013 (un jeudi pour ne pas concurrencer la f\u00eate de la musique) verra se produire l&rsquo;atelier vocal des trois comit\u00e9s sous la baguette de son chef Pierre Ducos et se conclura par un buffet concoct\u00e9 par les membres du comit\u00e9.<br \/>\nDes projets de retrouvailles \u00e0 la rentr\u00e9e 2013, une journ\u00e9e d&rsquo;excursion et, esp\u00e9rons-le, un voyage en Ombrie, au printemps 2014.<br \/>\nLa pr\u00e9sidente<br \/>\nGis\u00e8le Beaussart<\/p>\n","protected":false},"excerpt":{"rendered":"<p>Le 13 f\u00e9vrier 2013 s&rsquo;est tenu le premier conseil d&rsquo;administration de la&hellip;<\/p>\n","protected":false},"author":3,"featured_media":0,"comment_status":"open","ping_status":"open","sticky":false,"template":"","format":"standard","meta":{"footnotes":""},"categories":[14],"tags":[],"class_list":["post-1598","post","type-post","status-publish","format-standard","hentry","category-vie-de-lassociation"],"_links":{"self":[{"href":"https:\/\/italiejumelage.saintmedardasso.fr\/index.php?rest_route=\/wp\/v2\/posts\/1598","targetHints":{"allow":["GET"]}}],"collection":[{"href":"https:\/\/italiejumelage.saintmedardasso.fr\/index.php?rest_route=\/wp\/v2\/posts"}],"about":[{"href":"https:\/\/italiejumelage.saintmedardasso.fr\/index.php?rest_route=\/wp\/v2\/types\/post"}],"author":[{"embeddable":true,"href":"https:\/\/italiejumelage.saintmedardasso.fr\/index.php?rest_route=\/wp\/v2\/users\/3"}],"replies":[{"embeddable":true,"href":"https:\/\/italiejumelage.saintmedardasso.fr\/index.php?rest_route=%2Fwp%2Fv2%2Fcomments&post=1598"}],"version-history":[{"count":1,"href":"https:\/\/italiejumelage.saintmedardasso.fr\/index.php?rest_route=\/wp\/v2\/posts\/1598\/revisions"}],"predecessor-version":[{"id":1708,"href":"https:\/\/italiejumelage.saintmedardasso.fr\/index.php?rest_route=\/wp\/v2\/posts\/1598\/revisions\/1708"}],"wp:attachment":[{"href":"https:\/\/italiejumelage.saintmedardasso.fr\/index.php?rest_route=%2Fwp%2Fv2%2Fmedia&parent=1598"}],"wp:term":[{"taxonomy":"category","embeddable":true,"href":"https:\/\/italiejumelage.saintmedardasso.fr\/index.php?rest_route=%2Fwp%2Fv2%2Fcategories&post=1598"},{"taxonomy":"post_tag","embeddable":true,"href":"https:\/\/italiejumelage.saintmedardasso.fr\/index.php?rest_route=%2Fwp%2Fv2%2Ftags&post=1598"}],"curies":[{"name":"wp","href":"https:\/\/api.w.org\/{rel}","templated":true}]}}