{"id":1692,"date":"2013-04-09T11:39:24","date_gmt":"2013-04-09T10:39:24","guid":{"rendered":"http:\/\/italiejumelage.saintmedardasso.fr\/?p=1692"},"modified":"2013-04-11T08:55:22","modified_gmt":"2013-04-11T07:55:22","slug":"le-mot-de-la-presidente","status":"publish","type":"post","link":"https:\/\/italiejumelage.saintmedardasso.fr\/?p=1692","title":{"rendered":"Le mot de la pr\u00e9sidente"},"content":{"rendered":"<p>Malgr\u00e9 le temps pluvieux, notre association va de l&rsquo;avant.<br \/>\n D&rsquo;abord, le 18 mars, dans l&rsquo;entrain et la bonne humeur ont d\u00e9marr\u00e9 les s\u00e9ances de conversation italienne. \u00ab\u00a0Una buona chiacchierata\u00a0\u00bb, comme a \u00e9t\u00e9 qualifi\u00e9e par l&rsquo;une des participantes l&rsquo;heure et demie du lundi soir .<br \/>\nPuis la conf\u00e9rence de Mariele Baraziol sur le cin\u00e9ma italien de 1960 \u00e0 nos jours est programm\u00e9e le vendredi 26 avril 2013 \u00e0 20 heures 30, \u00e0 la salle Georges Brassens. Nous vous y attendons tr\u00e8s nombreux, accompagn\u00e9s de vos amis. Ce sera l&rsquo;occasion de nous retrouver tous pour un moment d&rsquo;\u00e9changes culturels et, \u00e0 la fin, autour du verre de l&rsquo;amiti\u00e9.<br \/>\nLe lendemain, samedi 27 avril, de 8 heures 45 \u00e0 15 heures, \u00e0 la salle Antonin Larroque, M. Jacky Bertoni, aid\u00e9 d&rsquo;une \u00e9quipe de marmitons z\u00e9l\u00e9s, confectionnera un d\u00e9licieux \u00ab\u00a0pranzo\u00a0\u00bb dont nous nous pourl\u00e9chons par avance les babines.<br \/>\nBient\u00f4t, nous vous parlerons plus en d\u00e9tails des manifestations des mois de mai et juin.<br \/>\nLa rentr\u00e9e et le premier trimestre 2013 s&rsquo;annoncent \u00e9galement festifs.<br \/>\nSi des suggestions vous viennent \u00e0 l&rsquo;esprit, ne manquez pas de nous les faire conna\u00eetre. L&rsquo;\u00e9quipe que j&rsquo;anime est toujours \u00e0 l&rsquo;\u00e9coute.<br \/>\nBien cordialement<br \/>\nLa pr\u00e9sidente<br \/>\nGis\u00e8le Beaussart<\/p>\n","protected":false},"excerpt":{"rendered":"<p>Malgr\u00e9 le temps pluvieux, notre association va de l&rsquo;avant. D&rsquo;abord, le 18&hellip;<\/p>\n","protected":false},"author":3,"featured_media":0,"comment_status":"open","ping_status":"open","sticky":false,"template":"","format":"standard","meta":{"footnotes":""},"categories":[14],"tags":[],"class_list":["post-1692","post","type-post","status-publish","format-standard","hentry","category-vie-de-lassociation"],"_links":{"self":[{"href":"https:\/\/italiejumelage.saintmedardasso.fr\/index.php?rest_route=\/wp\/v2\/posts\/1692","targetHints":{"allow":["GET"]}}],"collection":[{"href":"https:\/\/italiejumelage.saintmedardasso.fr\/index.php?rest_route=\/wp\/v2\/posts"}],"about":[{"href":"https:\/\/italiejumelage.saintmedardasso.fr\/index.php?rest_route=\/wp\/v2\/types\/post"}],"author":[{"embeddable":true,"href":"https:\/\/italiejumelage.saintmedardasso.fr\/index.php?rest_route=\/wp\/v2\/users\/3"}],"replies":[{"embeddable":true,"href":"https:\/\/italiejumelage.saintmedardasso.fr\/index.php?rest_route=%2Fwp%2Fv2%2Fcomments&post=1692"}],"version-history":[{"count":1,"href":"https:\/\/italiejumelage.saintmedardasso.fr\/index.php?rest_route=\/wp\/v2\/posts\/1692\/revisions"}],"predecessor-version":[{"id":1701,"href":"https:\/\/italiejumelage.saintmedardasso.fr\/index.php?rest_route=\/wp\/v2\/posts\/1692\/revisions\/1701"}],"wp:attachment":[{"href":"https:\/\/italiejumelage.saintmedardasso.fr\/index.php?rest_route=%2Fwp%2Fv2%2Fmedia&parent=1692"}],"wp:term":[{"taxonomy":"category","embeddable":true,"href":"https:\/\/italiejumelage.saintmedardasso.fr\/index.php?rest_route=%2Fwp%2Fv2%2Fcategories&post=1692"},{"taxonomy":"post_tag","embeddable":true,"href":"https:\/\/italiejumelage.saintmedardasso.fr\/index.php?rest_route=%2Fwp%2Fv2%2Ftags&post=1692"}],"curies":[{"name":"wp","href":"https:\/\/api.w.org\/{rel}","templated":true}]}}