{"id":1723,"date":"2013-05-19T11:14:14","date_gmt":"2013-05-19T10:14:14","guid":{"rendered":"http:\/\/italiejumelage.saintmedardasso.fr\/?p=1723"},"modified":"2024-06-30T10:54:02","modified_gmt":"2024-06-30T08:54:02","slug":"le-mot-de-la-presidente-2","status":"publish","type":"post","link":"https:\/\/italiejumelage.saintmedardasso.fr\/?p=1723","title":{"rendered":"Le mot de la pr\u00e9sidente"},"content":{"rendered":"<p>Avec enthousiasme, en suivant le sillon trac\u00e9 par les pr\u00e9c\u00e9dents membres des C.A qui ont tant donn\u00e9 de leur temps et de leur coeur, lors de la vingtaine d&rsquo;ann\u00e9es \u00e9coul\u00e9es, le C.A. r\u00e9cemment nomm\u00e9 a projet\u00e9 diverses activit\u00e9s.<br \/>\nA d\u00e9j\u00e0 eu lieu une conf\u00e9rence sur le cin\u00e9ma italien de 1960 \u00e0 nos jours donn\u00e9e par l&rsquo;un de nos professeurs Mariele Baraziol. Cette manifestation s&rsquo;est termin\u00e9e dans la joie et la bonne humeur autour du verre de l&rsquo;amiti\u00e9. Deux autres conf\u00e9rences s&rsquo;annoncent : celle de Laura Brizzi, le 24 mai et celle de Philippe Lavigne, le 7 juin.<br \/>\nUn atelier cuisine sous la houlette bienveillante et attentive de Jacky Bertoni s&rsquo;est conclu par un repas \u00e0 l&rsquo;italienne, c&rsquo;est-\u00e0-dire d\u00e9licieux et pantagru\u00e9lique. En effet, une vingtaine de marmitons et convives est partie, alourdie par tous les mets propos\u00e9s.<br \/>\nUn dynamique nouvel adh\u00e9rent, Bertrand Celotto anime de main de ma\u00eetre les \u00ab\u00a0chiachierate\u00a0\u00bb du lundi. Remercions-le pour son d\u00e9vouement.<br \/>\nNotre f\u00eate de l&rsquo;\u00e9t\u00e9 se pr\u00e9pare. Elle aura lieu le 20 juin \u00e0 partir de 18 heures 30, \u00e0 la maison Silhouette. D&rsquo;abord Mauricette Lafourcade, Andr\u00e9 Deris, Christiane Garsault parleront environ une demi-heure de l&rsquo;histoire tr\u00e8s particuli\u00e8re de Sabaudia, des Marais Pontins et des liens qui nous unissent avec cette r\u00e9gion d&rsquo;Italie. Puis l&rsquo;atelier vocal des comit\u00e9s dirig\u00e9 par Pierre Ducos charmera les oreilles du public avec des chants espagnols, allemands, italiens. Enfin, des agapes fastueuses seront servies aux convives, les adh\u00e9rents apportant les plats sal\u00e9s et les membres du C.A., les plats sucr\u00e9s.<br \/>\nJe remercie d&rsquo;ores et d\u00e9j\u00e0 ceux qui se sont engag\u00e9s dans cette belle aventure du jumelage et qui continueront \u00e0 le faire, car il s&rsquo;agit d&rsquo;une aventure culturelle, amicale et surtout humaine.<br \/>\n                                                      Gis\u00e8le Beaussart<\/p>\n","protected":false},"excerpt":{"rendered":"<p>Avec enthousiasme, en suivant le sillon trac\u00e9 par les pr\u00e9c\u00e9dents membres des&hellip;<\/p>\n","protected":false},"author":3,"featured_media":0,"comment_status":"open","ping_status":"open","sticky":false,"template":"","format":"standard","meta":{"footnotes":""},"categories":[14],"tags":[],"class_list":["post-1723","post","type-post","status-publish","format-standard","hentry","category-vie-de-lassociation"],"_links":{"self":[{"href":"https:\/\/italiejumelage.saintmedardasso.fr\/index.php?rest_route=\/wp\/v2\/posts\/1723","targetHints":{"allow":["GET"]}}],"collection":[{"href":"https:\/\/italiejumelage.saintmedardasso.fr\/index.php?rest_route=\/wp\/v2\/posts"}],"about":[{"href":"https:\/\/italiejumelage.saintmedardasso.fr\/index.php?rest_route=\/wp\/v2\/types\/post"}],"author":[{"embeddable":true,"href":"https:\/\/italiejumelage.saintmedardasso.fr\/index.php?rest_route=\/wp\/v2\/users\/3"}],"replies":[{"embeddable":true,"href":"https:\/\/italiejumelage.saintmedardasso.fr\/index.php?rest_route=%2Fwp%2Fv2%2Fcomments&post=1723"}],"version-history":[{"count":1,"href":"https:\/\/italiejumelage.saintmedardasso.fr\/index.php?rest_route=\/wp\/v2\/posts\/1723\/revisions"}],"predecessor-version":[{"id":4183,"href":"https:\/\/italiejumelage.saintmedardasso.fr\/index.php?rest_route=\/wp\/v2\/posts\/1723\/revisions\/4183"}],"wp:attachment":[{"href":"https:\/\/italiejumelage.saintmedardasso.fr\/index.php?rest_route=%2Fwp%2Fv2%2Fmedia&parent=1723"}],"wp:term":[{"taxonomy":"category","embeddable":true,"href":"https:\/\/italiejumelage.saintmedardasso.fr\/index.php?rest_route=%2Fwp%2Fv2%2Fcategories&post=1723"},{"taxonomy":"post_tag","embeddable":true,"href":"https:\/\/italiejumelage.saintmedardasso.fr\/index.php?rest_route=%2Fwp%2Fv2%2Ftags&post=1723"}],"curies":[{"name":"wp","href":"https:\/\/api.w.org\/{rel}","templated":true}]}}