{"id":1964,"date":"2013-11-12T19:12:36","date_gmt":"2013-11-12T18:12:36","guid":{"rendered":"http:\/\/italiejumelage.saintmedardasso.fr\/?p=1964"},"modified":"2013-11-14T11:40:47","modified_gmt":"2013-11-14T10:40:47","slug":"voyage-a-lombre-des-apennins","status":"publish","type":"post","link":"https:\/\/italiejumelage.saintmedardasso.fr\/?p=1964","title":{"rendered":"Voyage \u00c0 l\u2019ombre des Apennins"},"content":{"rendered":"<p><!--[if gte mso 9]><xml>\n<w:worddocument>\n<w:view>Normal<\/w:view>\n<w:zoom>0<\/w:zoom>\n<w:hyphenationzone>21<\/w:hyphenationzone>\n<w:donotoptimizeforbrowser><\/w:donotoptimizeforbrowser>\n<\/w:worddocument>\n<\/xml>< ![endif]--><\/p>\n<p style=\"text-align: center;\"><b style=\"mso-bidi-font-weight: normal;\"><span style=\"font-size: 12.0pt; font-family: Cambria; mso-fareast-font-family: 'Times New Roman'; mso-bidi-font-family: Arial; mso-fareast-language: FR;\">le Comit\u00e9 de jumelage vous propose de d\u00e9couvrir une r\u00e9gion d&rsquo;Italie centrale :<br \/>\n<\/span><\/b><\/p>\n<p style=\"text-align: center;\"><b style=\"mso-bidi-font-weight: normal;\"><\/b><b style=\"mso-bidi-font-weight: normal;\"><span style=\"font-size: 12.0pt; font-family: Cambria; mso-fareast-font-family: 'Times New Roman'; mso-bidi-font-family: Arial; mso-fareast-language: FR;\">L&rsquo;<b>Ombrie<\/b> ( <i>Umbria<\/i>\u00a0,\u00ab\u00a0\u00c0 l\u2019ombre des Apennins\u00a0\u00bb)\u00a0<\/span><\/b><b style=\"mso-bidi-font-weight: normal;\"><\/b><\/p>\n<p style=\"text-align: center;\"><span style=\"font-size: 12.0pt; font-family: Cambria;\"><span style=\"mso-tab-count: 1;\">\u00a0\u00a0\u00a0\u00a0\u00a0\u00a0\u00a0\u00a0\u00a0\u00a0\u00a0\u00a0\u00a0\u00a0\u00a0\u00a0\u00a0\u00a0\u00a0\u00a0\u00a0\u00a0\u00a0 <\/span><span style=\"mso-tab-count: 1;\">\u00a0\u00a0\u00a0\u00a0\u00a0\u00a0\u00a0\u00a0\u00a0\u00a0\u00a0\u00a0 du \u00a0\u00a0\u00a0\u00a0\u00a0\u00a0\u00a0\u00a0\u00a0 <\/span><\/span><\/p>\n<p style=\"text-align: center;\"><strong><span style=\"font-size: 12pt; font-family: Cambria;\">27 Avril 2014 au 4 Mai 2014<\/span><\/strong><\/p>\n<h5 class=\"MsoNormal\" style=\"text-align: left;\" align=\"left\">venez d\u00e9couvrir :<\/h5>\n<blockquote>\n<ul>\n<li style=\"text-align: left;\"><span style=\"font-size: 12.0pt; font-family: Cambria;\">Assise, <\/span><span style=\"font-size: 12.0pt; font-family: Cambria;\">sa basilique et les \u0153uvres de Giotto. <\/span><\/li>\n<li style=\"text-align: left;\"><span style=\"font-size: 12.0pt; font-family: Cambria;\">P\u00e9rouse, la capitale de la r\u00e9gion<\/span><span style=\"font-size: 12.0pt; font-family: Cambria;\">\u00a0 c\u00e9l\u00e8bre pour son chocolat,<\/span><\/li>\n<li style=\"text-align: left;\"><span style=\"font-size: 12.0pt; font-family: Cambria;\"> Gubbio, <\/span><span style=\"font-size: 12.0pt; font-family: Cambria;\">ses tours et ses palais,<\/span><\/li>\n<li style=\"text-align: left;\"><span style=\"font-size: 12.0pt; font-family: Cambria;\"> Spello, et\u00a0 <\/span><span style=\"font-size: 12.0pt; font-family: Cambria;\"><span>les fresques de la Chapelle Baglioni<strong><\/strong>.<\/span> <\/span><\/li>\n<li style=\"text-align: left;\"><span style=\"font-size: 12.0pt; font-family: Cambria;\"><span>La forteresse Albornoziana<\/span><span> de <\/span>Spoleto, <\/span><\/li>\n<li style=\"text-align: left;\"><span style=\"font-size: 12.0pt; font-family: Cambria;\">Todi, et ses remparts \u00e9trusques.<\/span><\/li>\n<li style=\"text-align: left;\"><span style=\"font-size: 12.0pt; font-family: Cambria;\">Orvieto, <\/span><span style=\"font-size: 12.0pt; font-family: Cambria;\">et\u00a0 les fresques de sa cath\u00e9drale<br \/>\n<\/span><\/li>\n<li style=\"text-align: left;\"><span style=\"font-size: 12.0pt; font-family: Cambria;\">Le lac Trasim\u00e8ne,<\/span><\/li>\n<li style=\"text-align: left;\"><span style=\"font-size: 12.0pt; font-family: Cambria;\"><span style=\"mso-tab-count: 1;\">\u00a0<\/span><\/span><span style=\"font-size: 12.0pt; font-family: Cambria;\"><span style=\"mso-tab-count: 1;\">La Cascata delle Marmore<\/span><\/span><span style=\"font-size: 12.0pt; font-family: Cambria;\"><span style=\"mso-tab-count: 1;\">\u00a0\u00a0\u00a0\u00a0\u00a0\u00a0\u00a0\u00a0\u00a0\u00a0\u00a0\u00a0\u00a0\u00a0\u00a0\u00a0\u00a0 <\/span><\/span><\/li>\n<\/ul>\n<\/blockquote>\n<p class=\"MsoNormal\" align=\"left\">\u00a0<span style=\"font-size: 12.0pt; font-family: Cambria;\"><span style=\"mso-tab-count: 1;\">\u00a0\u00a0\u00a0\u00a0\u00a0\u00a0\u00a0\u00a0\u00a0\u00a0\u00a0\u00a0\u00a0\u00a0\u00a0\u00a0\u00a0\u00a0<span style=\"color: #ff0000;\">\u00a0\u00a0\u00a0\u00a0\u00a0 <\/span><\/span><\/span><span style=\"color: #ff0000;\"><b style=\"mso-bidi-font-weight: normal;\"><span style=\"text-decoration: underline;\"><span style=\"font-size: 12pt; font-family: Cambria;\">PRIX PAR PERSONNE <\/span><\/span><\/b><b style=\"mso-bidi-font-weight: normal;\"><span style=\"text-decoration: underline;\"><span style=\"font-size: 12pt; font-family: Cambria;\">1 250 \u20ac dont 375 \u20ac \u00c0 L&rsquo;INSCRIPTION<\/span><\/span><\/b><\/span><\/p>\n<h5 class=\"MsoNormal\" align=\"left\"><span style=\"font-size: 12pt; font-family: Cambria;\">Suppl\u00e9ment pour chambre individuelle : 70\u20ac<\/span>. <span style=\"font-size: 12pt; font-family: Cambria;\">Notre prix est \u00e9tabli sur la base d\u2019un groupe de 20 personnes minimum. <\/span><span style=\"font-size: 12pt; font-family: Cambria;\">Si l\u2019effectif d\u00e9passe les 20 inscrits une diminution pourra <\/span><span style=\"font-size: 12pt; font-family: Cambria;\">\u00eatre appliqu\u00e9e (1120 \u20ac pour 30 inscrits)<\/span><\/h5>\n<p class=\"MsoNormal\" style=\"text-align: left;\" align=\"left\">\u00a0<b style=\"mso-bidi-font-weight: normal;\"><span style=\"text-decoration: underline;\"><span style=\"font-size: 12.0pt; font-family: Cambria; mso-fareast-font-family: 'Times New Roman'; mso-fareast-language: FR;\">CE PRIX COMPREND :<\/span><\/span><\/b><\/p>\n<ul>\n<li>Vols Paris\/Florence AR et l&rsquo;autocar pour tout le circuit.<\/li>\n<li>H\u00e9bergement dans un \u00e9tablissement religieux en demi-pension (petit d\u00e9jeuner et diner). +Restaurant \u00e0 midi dans les lieux visit\u00e9s<\/li>\n<li>Guide pour les visites , entr\u00e9es dans les sites et les mus\u00e9es .<\/li>\n<li>Pour diminuer le prix et ne pas perdre trop de temps le repas de midi sera peut-\u00eatre \u00e9vit\u00e9 ( \u00e0 l&rsquo;\u00e9tude)<\/li>\n<\/ul>\n<h3 style=\"text-align: center;\"><span style=\"color: #ff0000;\">\u00a0Inscriptions avant le 19 novembre 2013<\/span><\/h3>\n<p><span style=\"font-size: 12.0pt; font-family: Cambria; mso-bidi-font-family: Aharoni;\">Pour tous renseignements compl\u00e9mentaires <\/span><span style=\"font-size: 12.0pt; font-family: Cambria; mso-bidi-font-family: Aharoni;\">: <\/span><span style=\"font-size: 12pt; font-family: Cambria; color: #ffff00;\"><a href=\"mailto:courriel:comitejumelageitalie@laposte.net\"><span style=\"color: #ffff00; text-decoration: none;\">comitejumelageitalie@laposte.net<\/span><\/a> <\/span><\/p>\n<p class=\"MsoNormal\" style=\"text-align: left;\" align=\"left\"><span style=\"font-size: 12.0pt; font-family: Cambria;\">T\u00e9l pr\u00e9sidente 05 56 05 48 55<\/span><\/p>\n<p class=\"MsoNormal\" style=\"text-align: left;\" align=\"left\"><img loading=\"lazy\" decoding=\"async\" class=\"aligncenter\" alt=\"\" src=\"http:\/\/us.123rf.com\/400wm\/400\/400\/karambol\/karambol1010\/karambol101000027\/7967155-vue-assise-cathedrale-de-san-rufino-et-de-la-basilique-de-santa-chiara-ombrie-italie.jpg\" width=\"400\" height=\"267\" \/><\/p>\n<p>&nbsp;<\/p>\n<p class=\"MsoNormal\" style=\"text-align: left;\" align=\"left\"><span style=\"font-size: 12.0pt; font-family: Cambria; mso-fareast-font-family: 'Times New Roman'; mso-fareast-language: FR;\">\u00a0<\/span><\/p>\n<p>&nbsp;<\/p>\n","protected":false},"excerpt":{"rendered":"<p>le Comit\u00e9 de jumelage vous propose de d\u00e9couvrir une r\u00e9gion d&rsquo;Italie centrale&hellip;<\/p>\n","protected":false},"author":17,"featured_media":0,"comment_status":"open","ping_status":"open","sticky":false,"template":"","format":"standard","meta":{"footnotes":""},"categories":[14,10],"tags":[],"class_list":["post-1964","post","type-post","status-publish","format-standard","hentry","category-vie-de-lassociation","category-voyages"],"_links":{"self":[{"href":"https:\/\/italiejumelage.saintmedardasso.fr\/index.php?rest_route=\/wp\/v2\/posts\/1964","targetHints":{"allow":["GET"]}}],"collection":[{"href":"https:\/\/italiejumelage.saintmedardasso.fr\/index.php?rest_route=\/wp\/v2\/posts"}],"about":[{"href":"https:\/\/italiejumelage.saintmedardasso.fr\/index.php?rest_route=\/wp\/v2\/types\/post"}],"author":[{"embeddable":true,"href":"https:\/\/italiejumelage.saintmedardasso.fr\/index.php?rest_route=\/wp\/v2\/users\/17"}],"replies":[{"embeddable":true,"href":"https:\/\/italiejumelage.saintmedardasso.fr\/index.php?rest_route=%2Fwp%2Fv2%2Fcomments&post=1964"}],"version-history":[{"count":17,"href":"https:\/\/italiejumelage.saintmedardasso.fr\/index.php?rest_route=\/wp\/v2\/posts\/1964\/revisions"}],"predecessor-version":[{"id":1985,"href":"https:\/\/italiejumelage.saintmedardasso.fr\/index.php?rest_route=\/wp\/v2\/posts\/1964\/revisions\/1985"}],"wp:attachment":[{"href":"https:\/\/italiejumelage.saintmedardasso.fr\/index.php?rest_route=%2Fwp%2Fv2%2Fmedia&parent=1964"}],"wp:term":[{"taxonomy":"category","embeddable":true,"href":"https:\/\/italiejumelage.saintmedardasso.fr\/index.php?rest_route=%2Fwp%2Fv2%2Fcategories&post=1964"},{"taxonomy":"post_tag","embeddable":true,"href":"https:\/\/italiejumelage.saintmedardasso.fr\/index.php?rest_route=%2Fwp%2Fv2%2Ftags&post=1964"}],"curies":[{"name":"wp","href":"https:\/\/api.w.org\/{rel}","templated":true}]}}