{"id":2058,"date":"2015-01-22T16:16:17","date_gmt":"2015-01-22T15:16:17","guid":{"rendered":"http:\/\/italiejumelage.saintmedardasso.fr\/?p=2058"},"modified":"2024-06-29T19:08:15","modified_gmt":"2024-06-29T17:08:15","slug":"le-mot-de-la-presidente-4","status":"publish","type":"post","link":"https:\/\/italiejumelage.saintmedardasso.fr\/?p=2058","title":{"rendered":"Le mot de la pr\u00e9sidente"},"content":{"rendered":"<p>De retour de Sabaudia depuis bient\u00f4t trois semaines, en mon coeur est encore lov\u00e9e la chaleur de l&rsquo;hospitalit\u00e9 italienne.<br \/>\nJe voudrais remercier le maire de Sabaudia, M. Maurizio Lucci, Elena, la pr\u00e9sidente des comit\u00e9s de jumelage, les deux Antonio, Adele, Gianni et les autres&#8230;pour avoir rendu ce s\u00e9jour si agr\u00e9able et avoir permis \u00e0 Martine Passemard et \u00e0 moi-m\u00eame de rencontrer les personnalit\u00e9s qui nous ont aid\u00e9es \u00e0 poser des jalons pour effectuer des projets r\u00e9unissant les deux villes jumelles.<br \/>\nEn revenant, mes valises \u00e9taient lourdes des d\u00e9lices concoct\u00e9es par les mains d&rsquo;Adele et de Jennie (Chambellone, biscotti alle mandorle), mais aussi d&rsquo;id\u00e9es destin\u00e9es \u00e0 lier plus \u00e9troitement Sabaudia et Saint-M\u00e9dard-en-Jalles.<br \/>\nJ&rsquo;esp\u00e8re que tout ce travail de r\u00e9flexion fait en amont se concr\u00e9tisera bient\u00f4t.<br \/>\nGis\u00e8le Beaussart<\/p>\n","protected":false},"excerpt":{"rendered":"<p>De retour de Sabaudia depuis bient\u00f4t trois semaines, en mon coeur est&hellip;<\/p>\n","protected":false},"author":3,"featured_media":0,"comment_status":"open","ping_status":"open","sticky":false,"template":"","format":"standard","meta":{"footnotes":""},"categories":[14],"tags":[],"class_list":["post-2058","post","type-post","status-publish","format-standard","hentry","category-vie-de-lassociation"],"_links":{"self":[{"href":"https:\/\/italiejumelage.saintmedardasso.fr\/index.php?rest_route=\/wp\/v2\/posts\/2058","targetHints":{"allow":["GET"]}}],"collection":[{"href":"https:\/\/italiejumelage.saintmedardasso.fr\/index.php?rest_route=\/wp\/v2\/posts"}],"about":[{"href":"https:\/\/italiejumelage.saintmedardasso.fr\/index.php?rest_route=\/wp\/v2\/types\/post"}],"author":[{"embeddable":true,"href":"https:\/\/italiejumelage.saintmedardasso.fr\/index.php?rest_route=\/wp\/v2\/users\/3"}],"replies":[{"embeddable":true,"href":"https:\/\/italiejumelage.saintmedardasso.fr\/index.php?rest_route=%2Fwp%2Fv2%2Fcomments&post=2058"}],"version-history":[{"count":2,"href":"https:\/\/italiejumelage.saintmedardasso.fr\/index.php?rest_route=\/wp\/v2\/posts\/2058\/revisions"}],"predecessor-version":[{"id":2147,"href":"https:\/\/italiejumelage.saintmedardasso.fr\/index.php?rest_route=\/wp\/v2\/posts\/2058\/revisions\/2147"}],"wp:attachment":[{"href":"https:\/\/italiejumelage.saintmedardasso.fr\/index.php?rest_route=%2Fwp%2Fv2%2Fmedia&parent=2058"}],"wp:term":[{"taxonomy":"category","embeddable":true,"href":"https:\/\/italiejumelage.saintmedardasso.fr\/index.php?rest_route=%2Fwp%2Fv2%2Fcategories&post=2058"},{"taxonomy":"post_tag","embeddable":true,"href":"https:\/\/italiejumelage.saintmedardasso.fr\/index.php?rest_route=%2Fwp%2Fv2%2Ftags&post=2058"}],"curies":[{"name":"wp","href":"https:\/\/api.w.org\/{rel}","templated":true}]}}