{"id":2134,"date":"2014-09-11T10:11:34","date_gmt":"2014-09-11T09:11:34","guid":{"rendered":"http:\/\/italiejumelage.saintmedardasso.fr\/?p=2134"},"modified":"2024-06-29T19:48:03","modified_gmt":"2024-06-29T17:48:03","slug":"marathon-du-medoc","status":"publish","type":"post","link":"https:\/\/italiejumelage.saintmedardasso.fr\/?p=2134","title":{"rendered":"Marathon du M\u00e9doc"},"content":{"rendered":"\n<figure class=\"wp-block-image size-full is-resized\"><img loading=\"lazy\" decoding=\"async\" width=\"225\" height=\"300\" src=\"https:\/\/italiejumelage.saintmedardasso.fr\/wp-content\/uploads\/2024\/06\/Marathon-du-Medoc-2014.jpg\" alt=\"\" class=\"wp-image-4175\" style=\"width:451px;height:auto\"\/><\/figure>\n\n\n\n<p>Le grand jour du marathon approche, et les 13 marathoniens aux couleurs du jumelage (fran\u00e7ais, espagnols et italiens) commencent \u00e0 s\u2019impatienter.<\/p>\n\n\n\n<p>Les coureurs espagnols d\u2019Almansa arrivent ce soir \u00e0 St M\u00e9dard ; les italiens de Sabaudia pour certains sont d\u00e9j\u00e0 l\u00e0 .<br \/>Nos amis allemands n\u2019ont pas de coureurs mais une cons\u00e9quente d\u00e9l\u00e9gation de Merzig sera sur le parcours pour soutenir les marathoniens europ\u00e9ens.<\/p>\n\n\n\n<p>Le comit\u00e9 g\u00e9n\u00e9ral saint m\u00e9dardais du jumelage accueillera officiellement les \u00e9quipes vendredi soir autour d\u2019un pot , et le samedi nous vous attendons tous sur la route de Pauillac pour applaudir leur passage .<\/p>\n\n\n\n<p>Un ap\u00e9ritif dinatoire&nbsp; sera servi samedi soir pour f\u00eater&nbsp; leur victoire certaine et renforcer les liens qui nous unissent \u00e0 tous nos amis d\u2019Europe<\/p>\n","protected":false},"excerpt":{"rendered":"<p>Le grand jour du marathon approche, et les 13 marathoniens aux couleurs&hellip;<\/p>\n","protected":false},"author":17,"featured_media":0,"comment_status":"open","ping_status":"open","sticky":false,"template":"","format":"standard","meta":{"footnotes":""},"categories":[14],"tags":[],"class_list":["post-2134","post","type-post","status-publish","format-standard","hentry","category-vie-de-lassociation"],"_links":{"self":[{"href":"https:\/\/italiejumelage.saintmedardasso.fr\/index.php?rest_route=\/wp\/v2\/posts\/2134","targetHints":{"allow":["GET"]}}],"collection":[{"href":"https:\/\/italiejumelage.saintmedardasso.fr\/index.php?rest_route=\/wp\/v2\/posts"}],"about":[{"href":"https:\/\/italiejumelage.saintmedardasso.fr\/index.php?rest_route=\/wp\/v2\/types\/post"}],"author":[{"embeddable":true,"href":"https:\/\/italiejumelage.saintmedardasso.fr\/index.php?rest_route=\/wp\/v2\/users\/17"}],"replies":[{"embeddable":true,"href":"https:\/\/italiejumelage.saintmedardasso.fr\/index.php?rest_route=%2Fwp%2Fv2%2Fcomments&post=2134"}],"version-history":[{"count":9,"href":"https:\/\/italiejumelage.saintmedardasso.fr\/index.php?rest_route=\/wp\/v2\/posts\/2134\/revisions"}],"predecessor-version":[{"id":4179,"href":"https:\/\/italiejumelage.saintmedardasso.fr\/index.php?rest_route=\/wp\/v2\/posts\/2134\/revisions\/4179"}],"wp:attachment":[{"href":"https:\/\/italiejumelage.saintmedardasso.fr\/index.php?rest_route=%2Fwp%2Fv2%2Fmedia&parent=2134"}],"wp:term":[{"taxonomy":"category","embeddable":true,"href":"https:\/\/italiejumelage.saintmedardasso.fr\/index.php?rest_route=%2Fwp%2Fv2%2Fcategories&post=2134"},{"taxonomy":"post_tag","embeddable":true,"href":"https:\/\/italiejumelage.saintmedardasso.fr\/index.php?rest_route=%2Fwp%2Fv2%2Ftags&post=2134"}],"curies":[{"name":"wp","href":"https:\/\/api.w.org\/{rel}","templated":true}]}}