{"id":2804,"date":"2016-11-27T18:22:53","date_gmt":"2016-11-27T17:22:53","guid":{"rendered":"http:\/\/italiejumelage.saintmedardasso.fr\/?p=2804"},"modified":"2024-06-29T19:00:10","modified_gmt":"2024-06-29T17:00:10","slug":"conference-la-fabuleuse-histoire-de-la-serenissime-republique-de-venise","status":"publish","type":"post","link":"https:\/\/italiejumelage.saintmedardasso.fr\/?p=2804","title":{"rendered":"La S\u00e9r\u00e9nissime R\u00e9publique de Venise"},"content":{"rendered":"<p>\n\t<img loading=\"lazy\" decoding=\"async\" alt=\"carnival-of-venice-1814573_640\" class=\"aligncenter size-full wp-image-2805\" height=\"480\" src=\"https:\/\/italiejumelage.saintmedardasso.fr\/wp-content\/uploads\/2016\/11\/carnival-of-venice-1814573_640.jpg\" width=\"640\" srcset=\"https:\/\/italiejumelage.saintmedardasso.fr\/wp-content\/uploads\/2016\/11\/carnival-of-venice-1814573_640.jpg 640w, https:\/\/italiejumelage.saintmedardasso.fr\/wp-content\/uploads\/2016\/11\/carnival-of-venice-1814573_640-300x225.jpg 300w, https:\/\/italiejumelage.saintmedardasso.fr\/wp-content\/uploads\/2016\/11\/carnival-of-venice-1814573_640-600x450.jpg 600w, https:\/\/italiejumelage.saintmedardasso.fr\/wp-content\/uploads\/2016\/11\/carnival-of-venice-1814573_640-150x113.jpg 150w\" sizes=\"auto, (max-width: 640px) 100vw, 640px\" \/>\n<\/p>\n<p>\n\t&nbsp;&nbsp;&nbsp;&nbsp;&nbsp;&nbsp;&nbsp;&nbsp;&nbsp;&nbsp;&nbsp;&nbsp; Vous aimez l&#39;Italie et son histoire vous int&eacute;resse, alors venez assister &agrave; la conf&eacute;rence de Christain Bardou organis&eacute;e par Amici dell&#39;Italia en coop&eacute;ration avec notre comit&eacute; de jumelage. Comme d&#39;habitude culture, humour et convivialit&eacute; sont au menu de cette soir&eacute;e du jeudi 1er d&eacute;cembre 2016 &agrave; 19 heures 30.\n<\/p>\n<p>\n\t<br \/>\n\t&nbsp;&nbsp;&nbsp;&nbsp;&nbsp;&nbsp;&nbsp;&nbsp;&nbsp;&nbsp;&nbsp;&nbsp;&nbsp;&nbsp;&nbsp;&nbsp;&nbsp;&nbsp;&nbsp;&nbsp;&nbsp;&nbsp;&nbsp;&nbsp;&nbsp;&nbsp;&nbsp;&nbsp;&nbsp;&nbsp;&nbsp;&nbsp;&nbsp;&nbsp;&nbsp;&nbsp;&nbsp;&nbsp;&nbsp;&nbsp;&nbsp;&nbsp;&nbsp;&nbsp;&nbsp;&nbsp;&nbsp;&nbsp;&nbsp;&nbsp;&nbsp;&nbsp;&nbsp;&nbsp;&nbsp;&nbsp;&nbsp;&nbsp;&nbsp; Salle HERM&Egrave;S de l&rsquo;Espace Villepreux &nbsp;&nbsp; 27 Route du Tronquet<br \/>\n\t&nbsp;&nbsp;&nbsp;&nbsp;&nbsp;&nbsp;&nbsp;&nbsp;&nbsp;&nbsp;&nbsp;&nbsp;&nbsp;&nbsp;&nbsp;&nbsp;&nbsp;&nbsp;&nbsp;&nbsp;&nbsp;&nbsp;&nbsp;&nbsp;&nbsp;&nbsp;&nbsp;&nbsp;&nbsp;&nbsp;&nbsp;&nbsp;&nbsp;&nbsp;&nbsp;&nbsp;&nbsp;&nbsp;&nbsp;&nbsp;&nbsp;&nbsp;&nbsp;&nbsp;&nbsp;&nbsp;&nbsp;&nbsp;&nbsp;&nbsp;&nbsp;&nbsp;&nbsp;&nbsp;&nbsp;&nbsp;&nbsp;&nbsp;&nbsp; Saint-Aubin-de-M&eacute;doc<br \/>\n\t&nbsp;&nbsp;&nbsp;&nbsp;&nbsp;&nbsp;&nbsp;&nbsp;&nbsp;&nbsp;&nbsp;&nbsp;&nbsp;&nbsp;&nbsp;&nbsp;&nbsp;&nbsp;&nbsp;&nbsp;&nbsp;&nbsp;&nbsp;&nbsp;&nbsp;&nbsp;&nbsp;&nbsp;&nbsp;&nbsp;&nbsp;&nbsp;&nbsp;&nbsp;&nbsp;&nbsp;&nbsp;&nbsp;&nbsp;&nbsp;&nbsp;&nbsp;&nbsp;&nbsp;&nbsp;&nbsp;&nbsp;&nbsp;&nbsp;&nbsp;&nbsp;&nbsp;&nbsp;&nbsp;&nbsp;&nbsp;&nbsp;&nbsp;&nbsp; Prix d&rsquo;entr&eacute;e &agrave; la conf&eacute;rence : 6 euros (non adh&eacute;rents) 4 euros (adh&eacute;rents)<br \/>\n\t&nbsp;&nbsp;&nbsp;&nbsp;&nbsp;&nbsp;&nbsp;&nbsp;&nbsp;&nbsp;&nbsp;&nbsp;&nbsp;&nbsp;&nbsp;&nbsp;&nbsp;&nbsp;&nbsp;&nbsp;&nbsp;&nbsp;&nbsp;&nbsp;&nbsp;&nbsp;&nbsp;&nbsp;&nbsp;&nbsp;&nbsp;&nbsp;&nbsp;&nbsp;&nbsp;&nbsp;&nbsp;&nbsp;&nbsp;&nbsp;&nbsp;&nbsp;&nbsp;&nbsp;&nbsp;&nbsp;&nbsp;&nbsp;&nbsp;&nbsp;&nbsp;&nbsp;&nbsp;&nbsp;&nbsp;&nbsp;&nbsp;&nbsp;&nbsp; Renseignements : 06 79 62 53 13<\/p>\n","protected":false},"excerpt":{"rendered":"<p>&nbsp;&nbsp;&nbsp;&nbsp;&nbsp;&nbsp;&nbsp;&nbsp;&nbsp;&nbsp;&nbsp;&nbsp; Vous aimez l&#39;Italie et son histoire vous int&eacute;resse, alors venez assister&hellip;<\/p>\n","protected":false},"author":7,"featured_media":0,"comment_status":"open","ping_status":"open","sticky":false,"template":"","format":"standard","meta":{"footnotes":""},"categories":[11],"tags":[],"class_list":["post-2804","post","type-post","status-publish","format-standard","hentry","category-conferences-cinema-spectacles"],"_links":{"self":[{"href":"https:\/\/italiejumelage.saintmedardasso.fr\/index.php?rest_route=\/wp\/v2\/posts\/2804","targetHints":{"allow":["GET"]}}],"collection":[{"href":"https:\/\/italiejumelage.saintmedardasso.fr\/index.php?rest_route=\/wp\/v2\/posts"}],"about":[{"href":"https:\/\/italiejumelage.saintmedardasso.fr\/index.php?rest_route=\/wp\/v2\/types\/post"}],"author":[{"embeddable":true,"href":"https:\/\/italiejumelage.saintmedardasso.fr\/index.php?rest_route=\/wp\/v2\/users\/7"}],"replies":[{"embeddable":true,"href":"https:\/\/italiejumelage.saintmedardasso.fr\/index.php?rest_route=%2Fwp%2Fv2%2Fcomments&post=2804"}],"version-history":[{"count":5,"href":"https:\/\/italiejumelage.saintmedardasso.fr\/index.php?rest_route=\/wp\/v2\/posts\/2804\/revisions"}],"predecessor-version":[{"id":2833,"href":"https:\/\/italiejumelage.saintmedardasso.fr\/index.php?rest_route=\/wp\/v2\/posts\/2804\/revisions\/2833"}],"wp:attachment":[{"href":"https:\/\/italiejumelage.saintmedardasso.fr\/index.php?rest_route=%2Fwp%2Fv2%2Fmedia&parent=2804"}],"wp:term":[{"taxonomy":"category","embeddable":true,"href":"https:\/\/italiejumelage.saintmedardasso.fr\/index.php?rest_route=%2Fwp%2Fv2%2Fcategories&post=2804"},{"taxonomy":"post_tag","embeddable":true,"href":"https:\/\/italiejumelage.saintmedardasso.fr\/index.php?rest_route=%2Fwp%2Fv2%2Ftags&post=2804"}],"curies":[{"name":"wp","href":"https:\/\/api.w.org\/{rel}","templated":true}]}}