{"id":3061,"date":"2018-09-10T13:31:26","date_gmt":"2018-09-10T11:31:26","guid":{"rendered":"http:\/\/italiejumelage.saintmedardasso.fr\/?p=3061"},"modified":"2024-06-10T16:22:24","modified_gmt":"2024-06-10T14:22:24","slug":"concert-les-jazzymutes-et-floramaris","status":"publish","type":"post","link":"https:\/\/italiejumelage.saintmedardasso.fr\/?p=3061","title":{"rendered":"Concert : Les Jazzymut\u00e9s et Floramaris"},"content":{"rendered":"<p>Les Comit\u00e9s de Jumelage Italie de Saint-M\u00e9dard et du Taillan-M\u00e9doc, et l&rsquo;association \u00ab\u00a0Amici dell&rsquo;Italia\u00a0\u00bb de Saint-Aubin-du M\u00e9doc vous proposent un concert le samedi 29 septembre.<\/p>\n<p>Rendez-vous \u00e0 20 heures 30, salle Georges Brassens, 104 avenue Anatole France \u00e0 Saint-M\u00e9dard. Entr\u00e9e 10\u20ac, demi-tarif pour enfants et \u00e9tudiants.<\/p>\n<p>Vous pourrez y profiter des groupes\u00a0\u00bbLes Jazzymut\u00e9s\u00a0\u00bb ( jazz manouche) et \u00ab\u00a0Floramaris\u00a0\u00bb, un groupe italien de Latina (25km de Sabaudia), qui jouera des airs folkloriques.<br class=\"\" \/><\/p>\n<p><img loading=\"lazy\" decoding=\"async\" class=\"alignnone size-medium wp-image-3062 aligncenter\" src=\"https:\/\/italiejumelage.saintmedardasso.fr\/wp-content\/uploads\/2018\/09\/Affiche-concert-29-septembre-220x300.jpg\" alt=\"\" width=\"220\" height=\"300\" srcset=\"https:\/\/italiejumelage.saintmedardasso.fr\/wp-content\/uploads\/2018\/09\/Affiche-concert-29-septembre-220x300.jpg 220w, https:\/\/italiejumelage.saintmedardasso.fr\/wp-content\/uploads\/2018\/09\/Affiche-concert-29-septembre-564x768.jpg 564w, https:\/\/italiejumelage.saintmedardasso.fr\/wp-content\/uploads\/2018\/09\/Affiche-concert-29-septembre-110x150.jpg 110w, https:\/\/italiejumelage.saintmedardasso.fr\/wp-content\/uploads\/2018\/09\/Affiche-concert-29-septembre.jpg 734w\" sizes=\"auto, (max-width: 220px) 100vw, 220px\" \/><\/p>\n","protected":false},"excerpt":{"rendered":"<p>Les Comit\u00e9s de Jumelage Italie de Saint-M\u00e9dard et du Taillan-M\u00e9doc, et l&rsquo;association&hellip;<\/p>\n","protected":false},"author":7,"featured_media":3062,"comment_status":"closed","ping_status":"open","sticky":false,"template":"","format":"standard","meta":{"footnotes":""},"categories":[57],"tags":[],"class_list":["post-3061","post","type-post","status-publish","format-standard","has-post-thumbnail","hentry","category-concerts"],"_links":{"self":[{"href":"https:\/\/italiejumelage.saintmedardasso.fr\/index.php?rest_route=\/wp\/v2\/posts\/3061","targetHints":{"allow":["GET"]}}],"collection":[{"href":"https:\/\/italiejumelage.saintmedardasso.fr\/index.php?rest_route=\/wp\/v2\/posts"}],"about":[{"href":"https:\/\/italiejumelage.saintmedardasso.fr\/index.php?rest_route=\/wp\/v2\/types\/post"}],"author":[{"embeddable":true,"href":"https:\/\/italiejumelage.saintmedardasso.fr\/index.php?rest_route=\/wp\/v2\/users\/7"}],"replies":[{"embeddable":true,"href":"https:\/\/italiejumelage.saintmedardasso.fr\/index.php?rest_route=%2Fwp%2Fv2%2Fcomments&post=3061"}],"version-history":[{"count":2,"href":"https:\/\/italiejumelage.saintmedardasso.fr\/index.php?rest_route=\/wp\/v2\/posts\/3061\/revisions"}],"predecessor-version":[{"id":3064,"href":"https:\/\/italiejumelage.saintmedardasso.fr\/index.php?rest_route=\/wp\/v2\/posts\/3061\/revisions\/3064"}],"wp:featuredmedia":[{"embeddable":true,"href":"https:\/\/italiejumelage.saintmedardasso.fr\/index.php?rest_route=\/wp\/v2\/media\/3062"}],"wp:attachment":[{"href":"https:\/\/italiejumelage.saintmedardasso.fr\/index.php?rest_route=%2Fwp%2Fv2%2Fmedia&parent=3061"}],"wp:term":[{"taxonomy":"category","embeddable":true,"href":"https:\/\/italiejumelage.saintmedardasso.fr\/index.php?rest_route=%2Fwp%2Fv2%2Fcategories&post=3061"},{"taxonomy":"post_tag","embeddable":true,"href":"https:\/\/italiejumelage.saintmedardasso.fr\/index.php?rest_route=%2Fwp%2Fv2%2Ftags&post=3061"}],"curies":[{"name":"wp","href":"https:\/\/api.w.org\/{rel}","templated":true}]}}