{"id":3074,"date":"2018-10-02T13:34:30","date_gmt":"2018-10-02T11:34:30","guid":{"rendered":"http:\/\/italiejumelage.saintmedardasso.fr\/?p=3074"},"modified":"2024-06-10T16:20:09","modified_gmt":"2024-06-10T14:20:09","slug":"sejour-a-sabaudia","status":"publish","type":"post","link":"https:\/\/italiejumelage.saintmedardasso.fr\/?p=3074","title":{"rendered":"S\u00e9jour \u00e0 Sabaudia"},"content":{"rendered":"<p>Du 11 au 18 septembre, nous avons s\u00e9journ\u00e9 dans notre ville jumelle de Sabaudia. Voici une photo avec nos h\u00f4tes lors de la r\u00e9ception \u00e0 la Mairie de la ville.<\/p>\n<p><img loading=\"lazy\" decoding=\"async\" class=\"aligncenter wp-image-3075 size-large\" src=\"https:\/\/italiejumelage.saintmedardasso.fr\/wp-content\/uploads\/2018\/10\/photo-en-grand-avec-le-maire-1024x576.jpg\" alt=\"\" width=\"1024\" height=\"576\" srcset=\"https:\/\/italiejumelage.saintmedardasso.fr\/wp-content\/uploads\/2018\/10\/photo-en-grand-avec-le-maire.jpg 1024w, https:\/\/italiejumelage.saintmedardasso.fr\/wp-content\/uploads\/2018\/10\/photo-en-grand-avec-le-maire-300x169.jpg 300w, https:\/\/italiejumelage.saintmedardasso.fr\/wp-content\/uploads\/2018\/10\/photo-en-grand-avec-le-maire-150x84.jpg 150w\" sizes=\"auto, (max-width: 1024px) 100vw, 1024px\" \/><\/p>\n","protected":false},"excerpt":{"rendered":"<p>Du 11 au 18 septembre, nous avons s\u00e9journ\u00e9 dans notre ville jumelle&hellip;<\/p>\n","protected":false},"author":7,"featured_media":3075,"comment_status":"closed","ping_status":"open","sticky":false,"template":"","format":"standard","meta":{"footnotes":""},"categories":[14,10],"tags":[],"class_list":["post-3074","post","type-post","status-publish","format-standard","has-post-thumbnail","hentry","category-vie-de-lassociation","category-voyages"],"_links":{"self":[{"href":"https:\/\/italiejumelage.saintmedardasso.fr\/index.php?rest_route=\/wp\/v2\/posts\/3074","targetHints":{"allow":["GET"]}}],"collection":[{"href":"https:\/\/italiejumelage.saintmedardasso.fr\/index.php?rest_route=\/wp\/v2\/posts"}],"about":[{"href":"https:\/\/italiejumelage.saintmedardasso.fr\/index.php?rest_route=\/wp\/v2\/types\/post"}],"author":[{"embeddable":true,"href":"https:\/\/italiejumelage.saintmedardasso.fr\/index.php?rest_route=\/wp\/v2\/users\/7"}],"replies":[{"embeddable":true,"href":"https:\/\/italiejumelage.saintmedardasso.fr\/index.php?rest_route=%2Fwp%2Fv2%2Fcomments&post=3074"}],"version-history":[{"count":1,"href":"https:\/\/italiejumelage.saintmedardasso.fr\/index.php?rest_route=\/wp\/v2\/posts\/3074\/revisions"}],"predecessor-version":[{"id":3076,"href":"https:\/\/italiejumelage.saintmedardasso.fr\/index.php?rest_route=\/wp\/v2\/posts\/3074\/revisions\/3076"}],"wp:featuredmedia":[{"embeddable":true,"href":"https:\/\/italiejumelage.saintmedardasso.fr\/index.php?rest_route=\/wp\/v2\/media\/3075"}],"wp:attachment":[{"href":"https:\/\/italiejumelage.saintmedardasso.fr\/index.php?rest_route=%2Fwp%2Fv2%2Fmedia&parent=3074"}],"wp:term":[{"taxonomy":"category","embeddable":true,"href":"https:\/\/italiejumelage.saintmedardasso.fr\/index.php?rest_route=%2Fwp%2Fv2%2Fcategories&post=3074"},{"taxonomy":"post_tag","embeddable":true,"href":"https:\/\/italiejumelage.saintmedardasso.fr\/index.php?rest_route=%2Fwp%2Fv2%2Ftags&post=3074"}],"curies":[{"name":"wp","href":"https:\/\/api.w.org\/{rel}","templated":true}]}}