{"id":3097,"date":"2019-02-25T18:46:21","date_gmt":"2019-02-25T17:46:21","guid":{"rendered":"http:\/\/italiejumelage.saintmedardasso.fr\/?p=3097"},"modified":"2019-02-25T18:47:10","modified_gmt":"2019-02-25T17:47:10","slug":"conference-sardaigne-medievale-et-moderne","status":"publish","type":"post","link":"https:\/\/italiejumelage.saintmedardasso.fr\/?p=3097","title":{"rendered":"Conf\u00e9rence : Sardaigne m\u00e9di\u00e9vale et moderne"},"content":{"rendered":"<p>Organis\u00e9e par l&rsquo;association Amici dell&rsquo;Italia et les comit\u00e9s de jumelage du Taillan-M\u00e9doc et de Saint-M\u00e9dard, la conf\u00e9rence sera anim\u00e9e par Philippe Lavigne, Docteur en histoire de l&rsquo;art. Elle sera suivie par un pot de l&rsquo;amiti\u00e9. Venez d\u00e9couvrir l&rsquo;histoire de cette \u00eele magnifique.<\/p>\n<p>Rendez-vous le mercredi 6 mars 2019 \u00e0 20h au P\u00f4le municipal Simone Veil, 26 rue Aurel Chazeau \u00e0 Saint-M\u00e9dard-en-Jalles.<\/p>\n<p>Entr\u00e9e : 5\u20ac<\/p>\n<p><img loading=\"lazy\" decoding=\"async\" class=\"alignnone size-medium wp-image-3098 aligncenter\" src=\"https:\/\/italiejumelage.saintmedardasso.fr\/wp-content\/uploads\/2019\/02\/conf\u00e9rence-du-6-mars-2019-212x300.jpg\" alt=\"\" width=\"212\" height=\"300\" srcset=\"https:\/\/italiejumelage.saintmedardasso.fr\/wp-content\/uploads\/2019\/02\/conf\u00e9rence-du-6-mars-2019-212x300.jpg 212w, https:\/\/italiejumelage.saintmedardasso.fr\/wp-content\/uploads\/2019\/02\/conf\u00e9rence-du-6-mars-2019-543x768.jpg 543w, https:\/\/italiejumelage.saintmedardasso.fr\/wp-content\/uploads\/2019\/02\/conf\u00e9rence-du-6-mars-2019-106x150.jpg 106w, https:\/\/italiejumelage.saintmedardasso.fr\/wp-content\/uploads\/2019\/02\/conf\u00e9rence-du-6-mars-2019.jpg 600w\" sizes=\"auto, (max-width: 212px) 100vw, 212px\" \/><\/p>\n","protected":false},"excerpt":{"rendered":"<p>Organis\u00e9e par l&rsquo;association Amici dell&rsquo;Italia et les comit\u00e9s de jumelage du Taillan-M\u00e9doc&hellip;<\/p>\n","protected":false},"author":7,"featured_media":3098,"comment_status":"closed","ping_status":"open","sticky":false,"template":"","format":"standard","meta":{"footnotes":""},"categories":[11],"tags":[],"class_list":["post-3097","post","type-post","status-publish","format-standard","has-post-thumbnail","hentry","category-conferences-cinema-spectacles"],"_links":{"self":[{"href":"https:\/\/italiejumelage.saintmedardasso.fr\/index.php?rest_route=\/wp\/v2\/posts\/3097","targetHints":{"allow":["GET"]}}],"collection":[{"href":"https:\/\/italiejumelage.saintmedardasso.fr\/index.php?rest_route=\/wp\/v2\/posts"}],"about":[{"href":"https:\/\/italiejumelage.saintmedardasso.fr\/index.php?rest_route=\/wp\/v2\/types\/post"}],"author":[{"embeddable":true,"href":"https:\/\/italiejumelage.saintmedardasso.fr\/index.php?rest_route=\/wp\/v2\/users\/7"}],"replies":[{"embeddable":true,"href":"https:\/\/italiejumelage.saintmedardasso.fr\/index.php?rest_route=%2Fwp%2Fv2%2Fcomments&post=3097"}],"version-history":[{"count":2,"href":"https:\/\/italiejumelage.saintmedardasso.fr\/index.php?rest_route=\/wp\/v2\/posts\/3097\/revisions"}],"predecessor-version":[{"id":3100,"href":"https:\/\/italiejumelage.saintmedardasso.fr\/index.php?rest_route=\/wp\/v2\/posts\/3097\/revisions\/3100"}],"wp:featuredmedia":[{"embeddable":true,"href":"https:\/\/italiejumelage.saintmedardasso.fr\/index.php?rest_route=\/wp\/v2\/media\/3098"}],"wp:attachment":[{"href":"https:\/\/italiejumelage.saintmedardasso.fr\/index.php?rest_route=%2Fwp%2Fv2%2Fmedia&parent=3097"}],"wp:term":[{"taxonomy":"category","embeddable":true,"href":"https:\/\/italiejumelage.saintmedardasso.fr\/index.php?rest_route=%2Fwp%2Fv2%2Fcategories&post=3097"},{"taxonomy":"post_tag","embeddable":true,"href":"https:\/\/italiejumelage.saintmedardasso.fr\/index.php?rest_route=%2Fwp%2Fv2%2Ftags&post=3097"}],"curies":[{"name":"wp","href":"https:\/\/api.w.org\/{rel}","templated":true}]}}