{"id":3107,"date":"2019-03-05T13:34:21","date_gmt":"2019-03-05T12:34:21","guid":{"rendered":"http:\/\/italiejumelage.saintmedardasso.fr\/?p=3107"},"modified":"2024-06-10T16:14:04","modified_gmt":"2024-06-10T14:14:04","slug":"recital-lyrique-le-29-mars","status":"publish","type":"post","link":"https:\/\/italiejumelage.saintmedardasso.fr\/?p=3107","title":{"rendered":"R\u00e9cital lyrique le 29 mars"},"content":{"rendered":"<p>Le Comite de jumelage Italie vous propose\u00a0un r\u00e9cital lyrique\u00a0le vendredi 29 mars en l&rsquo;\u00e9glise de Saint-M\u00e9dard-en-Jalles.<\/p>\n<p>L\u00e9a Frout\u00e9, soprano, sera accompagn\u00e9e par Sophie Pornin au piano et interpr\u00e9tera Poulenc, Bellini, Rossini, Schubert, Puccini, Meyerbeer ou encore Haendel, avec un joli panel de langue : italien, fran\u00e7ais ou allemand.<\/p>\n<p>D\u00e9but du r\u00e9cital \u00e0 20h30<br \/>\nEntr\u00e9e : 10\u20ac<\/p>\n<p><img loading=\"lazy\" decoding=\"async\" class=\"aligncenter wp-image-3108 size-large\" src=\"https:\/\/italiejumelage.saintmedardasso.fr\/wp-content\/uploads\/2019\/03\/affiche-d\u00e9finitive-concert-lyrique-543x768.jpg\" alt=\"\" width=\"543\" height=\"768\" srcset=\"https:\/\/italiejumelage.saintmedardasso.fr\/wp-content\/uploads\/2019\/03\/affiche-d\u00e9finitive-concert-lyrique-543x768.jpg 543w, https:\/\/italiejumelage.saintmedardasso.fr\/wp-content\/uploads\/2019\/03\/affiche-d\u00e9finitive-concert-lyrique-212x300.jpg 212w, https:\/\/italiejumelage.saintmedardasso.fr\/wp-content\/uploads\/2019\/03\/affiche-d\u00e9finitive-concert-lyrique-106x150.jpg 106w, https:\/\/italiejumelage.saintmedardasso.fr\/wp-content\/uploads\/2019\/03\/affiche-d\u00e9finitive-concert-lyrique.jpg 600w\" sizes=\"auto, (max-width: 543px) 100vw, 543px\" \/><\/p>\n","protected":false},"excerpt":{"rendered":"<p>Le Comite de jumelage Italie vous propose\u00a0un r\u00e9cital lyrique\u00a0le vendredi 29 mars&hellip;<\/p>\n","protected":false},"author":7,"featured_media":3108,"comment_status":"closed","ping_status":"open","sticky":false,"template":"","format":"standard","meta":{"footnotes":""},"categories":[57],"tags":[],"class_list":["post-3107","post","type-post","status-publish","format-standard","has-post-thumbnail","hentry","category-concerts"],"_links":{"self":[{"href":"https:\/\/italiejumelage.saintmedardasso.fr\/index.php?rest_route=\/wp\/v2\/posts\/3107","targetHints":{"allow":["GET"]}}],"collection":[{"href":"https:\/\/italiejumelage.saintmedardasso.fr\/index.php?rest_route=\/wp\/v2\/posts"}],"about":[{"href":"https:\/\/italiejumelage.saintmedardasso.fr\/index.php?rest_route=\/wp\/v2\/types\/post"}],"author":[{"embeddable":true,"href":"https:\/\/italiejumelage.saintmedardasso.fr\/index.php?rest_route=\/wp\/v2\/users\/7"}],"replies":[{"embeddable":true,"href":"https:\/\/italiejumelage.saintmedardasso.fr\/index.php?rest_route=%2Fwp%2Fv2%2Fcomments&post=3107"}],"version-history":[{"count":2,"href":"https:\/\/italiejumelage.saintmedardasso.fr\/index.php?rest_route=\/wp\/v2\/posts\/3107\/revisions"}],"predecessor-version":[{"id":3110,"href":"https:\/\/italiejumelage.saintmedardasso.fr\/index.php?rest_route=\/wp\/v2\/posts\/3107\/revisions\/3110"}],"wp:featuredmedia":[{"embeddable":true,"href":"https:\/\/italiejumelage.saintmedardasso.fr\/index.php?rest_route=\/wp\/v2\/media\/3108"}],"wp:attachment":[{"href":"https:\/\/italiejumelage.saintmedardasso.fr\/index.php?rest_route=%2Fwp%2Fv2%2Fmedia&parent=3107"}],"wp:term":[{"taxonomy":"category","embeddable":true,"href":"https:\/\/italiejumelage.saintmedardasso.fr\/index.php?rest_route=%2Fwp%2Fv2%2Fcategories&post=3107"},{"taxonomy":"post_tag","embeddable":true,"href":"https:\/\/italiejumelage.saintmedardasso.fr\/index.php?rest_route=%2Fwp%2Fv2%2Ftags&post=3107"}],"curies":[{"name":"wp","href":"https:\/\/api.w.org\/{rel}","templated":true}]}}