{"id":3114,"date":"2019-04-02T18:28:41","date_gmt":"2019-04-02T16:28:41","guid":{"rendered":"http:\/\/italiejumelage.saintmedardasso.fr\/?p=3114"},"modified":"2019-04-02T18:28:41","modified_gmt":"2019-04-02T16:28:41","slug":"focus-sur-le-cinema-italien-a-letoile","status":"publish","type":"post","link":"https:\/\/italiejumelage.saintmedardasso.fr\/?p=3114","title":{"rendered":"Focus sur le cin\u00e9ma italien \u00e0 L&rsquo;Etoile"},"content":{"rendered":"<p>L&rsquo;\u00c9toile, cin\u00e9ma municipal de Saint-M\u00e9dard, le Comit\u00e9 de Jumelage Italie de Saint-M\u00e9dard-en-Jalles en partenariat avec Amici dell&rsquo;Italia et le Comit\u00e9 de Jumelage du Taillan-M\u00e9doc vous proposent un focus sur le cin\u00e9ma italien !<\/p>\n<p>Du 4 au 30 avril, 4 s\u00e9ances pr\u00e9senteront de grands films italiens r\u00e9cents en version originale sous-titr\u00e9e :<\/p>\n<ul>\n<li><a href=\"http:\/\/www.allocine.fr\/film\/fichefilm_gen_cfilm=249973.html\"><strong><em>Silvio et les autres<\/em><\/strong><\/a> (<em>Loro<\/em>, de Paolo Sorrentino), le jeudi 4 avril \u00e0 20h,\u00a0pr\u00e9c\u00e9de d&rsquo;un ap\u00e9ritif \u00e0 19h\u00a0 dans le hall du Carr\u00e9 des Jalles et d&rsquo;un pr\u00e9sentation de l&rsquo;\u00e9poque Berlusconi \u00e0 19h30.<\/li>\n<li><em><a href=\"http:\/\/www.allocine.fr\/film\/fichefilm_gen_cfilm=210804.html\"><strong>La grande bellezza<\/strong><\/a>\u00a0<\/em>(de Paolo Sorrentino), le jeudi 11 avril \u00e0 20h15.<\/li>\n<li><a href=\"http:\/\/www.allocine.fr\/film\/fichefilm_gen_cfilm=258000.html\"><strong><em>Heureux comme Lazzaro <\/em><\/strong><\/a>(<em>Lazzaro felice<\/em>, d&rsquo;Alice Rohrwacher), le vendredi 19 avril \u00e0 18h.<\/li>\n<li><em><a href=\"http:\/\/www.allocine.fr\/film\/fichefilm_gen_cfilm=257402.html\"><strong>Bienvenue en Sicile<\/strong><\/a>\u00a0<\/em>(<em>In guerra per l&rsquo;amore<\/em>, de Pierfrancesco \u00ab\u00a0Pif\u00a0\u00bb Diliberto), le mardi 30 avril \u00e0 20h30, suivi d&rsquo;une d\u00e9gustation d&rsquo;assiettes sal\u00e9es et sucr\u00e9es.<\/li>\n<\/ul>\n<p><img loading=\"lazy\" decoding=\"async\" class=\"wp-image-3115 size-large aligncenter\" src=\"https:\/\/italiejumelage.saintmedardasso.fr\/wp-content\/uploads\/2019\/04\/focus-cinema-italien-543x768.jpg\" alt=\"\" width=\"543\" height=\"768\" srcset=\"https:\/\/italiejumelage.saintmedardasso.fr\/wp-content\/uploads\/2019\/04\/focus-cinema-italien-543x768.jpg 543w, https:\/\/italiejumelage.saintmedardasso.fr\/wp-content\/uploads\/2019\/04\/focus-cinema-italien-212x300.jpg 212w, https:\/\/italiejumelage.saintmedardasso.fr\/wp-content\/uploads\/2019\/04\/focus-cinema-italien-106x150.jpg 106w, https:\/\/italiejumelage.saintmedardasso.fr\/wp-content\/uploads\/2019\/04\/focus-cinema-italien.jpg 600w\" sizes=\"auto, (max-width: 543px) 100vw, 543px\" \/><\/p>\n","protected":false},"excerpt":{"rendered":"<p>L&rsquo;\u00c9toile, cin\u00e9ma municipal de Saint-M\u00e9dard, le Comit\u00e9 de Jumelage Italie de Saint-M\u00e9dard-en-Jalles&hellip;<\/p>\n","protected":false},"author":7,"featured_media":3115,"comment_status":"closed","ping_status":"open","sticky":false,"template":"","format":"standard","meta":{"footnotes":""},"categories":[11],"tags":[],"class_list":["post-3114","post","type-post","status-publish","format-standard","has-post-thumbnail","hentry","category-conferences-cinema-spectacles"],"_links":{"self":[{"href":"https:\/\/italiejumelage.saintmedardasso.fr\/index.php?rest_route=\/wp\/v2\/posts\/3114","targetHints":{"allow":["GET"]}}],"collection":[{"href":"https:\/\/italiejumelage.saintmedardasso.fr\/index.php?rest_route=\/wp\/v2\/posts"}],"about":[{"href":"https:\/\/italiejumelage.saintmedardasso.fr\/index.php?rest_route=\/wp\/v2\/types\/post"}],"author":[{"embeddable":true,"href":"https:\/\/italiejumelage.saintmedardasso.fr\/index.php?rest_route=\/wp\/v2\/users\/7"}],"replies":[{"embeddable":true,"href":"https:\/\/italiejumelage.saintmedardasso.fr\/index.php?rest_route=%2Fwp%2Fv2%2Fcomments&post=3114"}],"version-history":[{"count":1,"href":"https:\/\/italiejumelage.saintmedardasso.fr\/index.php?rest_route=\/wp\/v2\/posts\/3114\/revisions"}],"predecessor-version":[{"id":3116,"href":"https:\/\/italiejumelage.saintmedardasso.fr\/index.php?rest_route=\/wp\/v2\/posts\/3114\/revisions\/3116"}],"wp:featuredmedia":[{"embeddable":true,"href":"https:\/\/italiejumelage.saintmedardasso.fr\/index.php?rest_route=\/wp\/v2\/media\/3115"}],"wp:attachment":[{"href":"https:\/\/italiejumelage.saintmedardasso.fr\/index.php?rest_route=%2Fwp%2Fv2%2Fmedia&parent=3114"}],"wp:term":[{"taxonomy":"category","embeddable":true,"href":"https:\/\/italiejumelage.saintmedardasso.fr\/index.php?rest_route=%2Fwp%2Fv2%2Fcategories&post=3114"},{"taxonomy":"post_tag","embeddable":true,"href":"https:\/\/italiejumelage.saintmedardasso.fr\/index.php?rest_route=%2Fwp%2Fv2%2Ftags&post=3114"}],"curies":[{"name":"wp","href":"https:\/\/api.w.org\/{rel}","templated":true}]}}