{"id":3118,"date":"2019-04-15T14:12:24","date_gmt":"2019-04-15T12:12:24","guid":{"rendered":"http:\/\/italiejumelage.saintmedardasso.fr\/?p=3118"},"modified":"2024-06-10T16:12:31","modified_gmt":"2024-06-10T14:12:31","slug":"concert-choeur-et-musique-2","status":"publish","type":"post","link":"https:\/\/italiejumelage.saintmedardasso.fr\/?p=3118","title":{"rendered":"Concert Choeur et Musique"},"content":{"rendered":"<p>Le comit\u00e9 de jumelage Italie vous pr\u00e9sente le concert Choeur et Musique, par la <strong>chorale du Haillan<\/strong>.<\/p>\n<p>Le <strong>pianiste<\/strong> sera Fr\u00e9d\u00e9ric Zapata et le <strong>chef de ch\u0153ur<\/strong> Alexandre Baratier.<\/p>\n<p>Rendez-vous le <strong>vendredi 3 mai<\/strong> \u00e0 20h30 en <strong>l\u2019\u00c9glise de Saint-M\u00e9dard-en-Jalles<\/strong>.<\/p>\n<p>Entr\u00e9e 8\u20ac<\/p>\n<p><img loading=\"lazy\" decoding=\"async\" class=\"aligncenter wp-image-3119 size-full\" src=\"https:\/\/italiejumelage.saintmedardasso.fr\/wp-content\/uploads\/2019\/04\/affiche-concert-Choeur-et-Musique.jpg\" alt=\"\" width=\"500\" height=\"707\" srcset=\"https:\/\/italiejumelage.saintmedardasso.fr\/wp-content\/uploads\/2019\/04\/affiche-concert-Choeur-et-Musique.jpg 500w, https:\/\/italiejumelage.saintmedardasso.fr\/wp-content\/uploads\/2019\/04\/affiche-concert-Choeur-et-Musique-212x300.jpg 212w, https:\/\/italiejumelage.saintmedardasso.fr\/wp-content\/uploads\/2019\/04\/affiche-concert-Choeur-et-Musique-106x150.jpg 106w\" sizes=\"auto, (max-width: 500px) 100vw, 500px\" \/><\/p>\n","protected":false},"excerpt":{"rendered":"<p>Le comit\u00e9 de jumelage Italie vous pr\u00e9sente le concert Choeur et Musique,&hellip;<\/p>\n","protected":false},"author":7,"featured_media":4083,"comment_status":"closed","ping_status":"open","sticky":false,"template":"","format":"standard","meta":{"footnotes":""},"categories":[57],"tags":[],"class_list":["post-3118","post","type-post","status-publish","format-standard","has-post-thumbnail","hentry","category-concerts"],"_links":{"self":[{"href":"https:\/\/italiejumelage.saintmedardasso.fr\/index.php?rest_route=\/wp\/v2\/posts\/3118","targetHints":{"allow":["GET"]}}],"collection":[{"href":"https:\/\/italiejumelage.saintmedardasso.fr\/index.php?rest_route=\/wp\/v2\/posts"}],"about":[{"href":"https:\/\/italiejumelage.saintmedardasso.fr\/index.php?rest_route=\/wp\/v2\/types\/post"}],"author":[{"embeddable":true,"href":"https:\/\/italiejumelage.saintmedardasso.fr\/index.php?rest_route=\/wp\/v2\/users\/7"}],"replies":[{"embeddable":true,"href":"https:\/\/italiejumelage.saintmedardasso.fr\/index.php?rest_route=%2Fwp%2Fv2%2Fcomments&post=3118"}],"version-history":[{"count":1,"href":"https:\/\/italiejumelage.saintmedardasso.fr\/index.php?rest_route=\/wp\/v2\/posts\/3118\/revisions"}],"predecessor-version":[{"id":3120,"href":"https:\/\/italiejumelage.saintmedardasso.fr\/index.php?rest_route=\/wp\/v2\/posts\/3118\/revisions\/3120"}],"wp:featuredmedia":[{"embeddable":true,"href":"https:\/\/italiejumelage.saintmedardasso.fr\/index.php?rest_route=\/wp\/v2\/media\/4083"}],"wp:attachment":[{"href":"https:\/\/italiejumelage.saintmedardasso.fr\/index.php?rest_route=%2Fwp%2Fv2%2Fmedia&parent=3118"}],"wp:term":[{"taxonomy":"category","embeddable":true,"href":"https:\/\/italiejumelage.saintmedardasso.fr\/index.php?rest_route=%2Fwp%2Fv2%2Fcategories&post=3118"},{"taxonomy":"post_tag","embeddable":true,"href":"https:\/\/italiejumelage.saintmedardasso.fr\/index.php?rest_route=%2Fwp%2Fv2%2Ftags&post=3118"}],"curies":[{"name":"wp","href":"https:\/\/api.w.org\/{rel}","templated":true}]}}