{"id":3140,"date":"2019-09-04T14:58:04","date_gmt":"2019-09-04T12:58:04","guid":{"rendered":"http:\/\/italiejumelage.saintmedardasso.fr\/?p=3140"},"modified":"2024-06-10T16:09:59","modified_gmt":"2024-06-10T14:09:59","slug":"nouveaux-projets-pour-lescapade-italienne-region-de-trente-et-de-trieste","status":"publish","type":"post","link":"https:\/\/italiejumelage.saintmedardasso.fr\/?p=3140","title":{"rendered":"Nouveaux projets pour l\u2019escapade italienne, r\u00e9gion de Trente et de Trieste"},"content":{"rendered":"\n<h3 class=\"wp-block-heading\"><strong>Du 8 au 15 mai 2020<\/strong><\/h3>\n\n\n\n<h4 class=\"wp-block-heading\">Vendredi 8 mai 2020 : Bordeaux-Venise \u2013Lignano Sabbiadoro<\/h4>\n\n\n\n<p>D\u00e9part de Bordeaux \u00e0 11 heures 20, arriv\u00e9e \u00e0 Venise \u00e0 13 heures 15. (Horaire du vol \u00e0 confirmer). Arriv\u00e9e \u00e0 Venise, accueil par votre guide francophone qui vous accompagnera durant tout le s\u00e9jour.)<\/p>\n\n\n\n<p> Transfert en autocar jusqu\u2019\u00e0 Lignano Sabbiadoro (demi-pension, nuit et petit-d\u00e9jeuner dans une des 13 structures de l\u2019organisme \u00ab Bell\u2019Italia \u00bb)<\/p>\n\n\n\n<h4 class=\"wp-block-heading\">Samedi 9 mai : Autour de Trieste<\/h4>\n\n\n\n<p>Rendez-vous avec le guide et d\u00e9part en autocar pour une journ\u00e9e de visite guid\u00e9e. En allant sur Trieste,  <strong>cimeti\u00e8re militaire de Redipuglia<\/strong> (qui, en raison, d\u2019urgents travaux de restauration en cours, est partiellement ouvert aux visiteurs) o\u00f9 ont \u00e9t\u00e9 enterr\u00e9s 100.000 soldats morts au front, lors de la premi\u00e8re guerre mondiale, puis <strong>visite de la grotte delle Torri di Slivia<\/strong>.<\/p>\n\n\n\n<p> Repas et nuit \u00e0 Lignano Sabbiadoro<\/p>\n\n\n\n<h4 class=\"wp-block-heading\">Dimanche 10 mai : Trieste<\/h4>\n\n\n\n<p><strong>Visite de Trieste<\/strong>, la capitale de la r\u00e9gion du Frioul-V\u00e9n\u00e9tie julienne, au nord-est de l\u2019Italie.  L\u2019architecture de Trieste qui comprend une ville m\u00e9di\u00e9vale et un quartier autrichien n\u00e9oclassique t\u00e9moigne de ses influences italiennes, austro-hongroises et slov\u00e8nes. <strong>Visite de la cath\u00e9drale San Giusto, de l\u2019\u00e9glise San Spiridione, du Castello di San Giusto et du Castello Miramare<\/strong> (entr\u00e9es incluses). Visite du th\u00e9\u00e2tre romain, sous r\u00e9serve d\u2019acceptation du bureau des Beni Culturali de la r\u00e9gion Friuli Venezia Giulia.<\/p>\n\n\n\n<p>Retour \u00e0 Lignano<\/p>\n\n\n\n<h4 class=\"wp-block-heading\">Lundi 11 mai 2020 : Palmanova<\/h4>\n\n\n\n<p><strong>Journ\u00e9e de visite et balade \u00e0 Palmanova<\/strong>. Cette ville a comme particularit\u00e9 d\u2019avoir une fortification \u00e0 9 branches. Elle est inscrite au patrimoine mondial de l\u2019UNESCO.<\/p>\n\n\n\n<p>Passage \u00e0 <strong>l\u2019outlet village<\/strong> pr\u00e8s de Palmanova pour faire un peu de shopping libre.<\/p>\n\n\n\n<p>Retour \u00e0 Lignano.<\/p>\n\n\n\n<h4 class=\"wp-block-heading\">Mardi 12 mai 2020 : Grado et Aquileia<\/h4>\n\n\n\n<p>Centre thermal  et de thalassoth\u00e9rapie, localit\u00e9 baln\u00e9aire favorite des empereurs austro-hongrois, Grado est connue pour la beaut\u00e9 de sa lagune. Elle poss\u00e8de un agr\u00e9able quartier ancien, parcouru d\u2019\u00e9troites ruelles. <strong>Visite du centre historique et de la cath\u00e9drale Sant\u2019Eufemia<\/strong>.<\/p>\n\n\n\n<p>Continuation vers <strong>Aquileia<\/strong>.  Elle est r\u00e9put\u00e9e pour la beaut\u00e9 des mosa\u00efques de sa <strong>basilique<\/strong>. (Elle abrite la plus vaste mosa\u00efque pal\u00e9o-chr\u00e9tienne de la chr\u00e9tient\u00e9 occidentale : 760 m2)<\/p>\n\n\n\n<p>Continuation par la <strong>visite du mus\u00e9e arch\u00e9ologique national<\/strong>.<\/p>\n\n\n\n<h4 class=\"wp-block-heading\"><strong>Mercredi 13 mai 2020 : Trieste<\/strong><\/h4>\n\n\n\n<p><strong>Visite guid\u00e9e de la ville<\/strong> (via San Marco, via Manci, via Belenzani) ; <strong>visite du Duomo et d\u00e9couverte du castello del Buonconsiglio (demeure des princes-\u00e9v\u00eaques de Trente)<\/strong> : entr\u00e9es incluses.<\/p>\n\n\n\n<p>Puis <strong>visite de cave et d\u00e9gustation de Prosecco<\/strong> dans les alentours de la ville.<\/p>\n\n\n\n<p>Retour \u00e0 Lignano-Sabbiadoro<\/p>\n\n\n\n<h4 class=\"wp-block-heading\">Jeudi 14 mai 2020 : Udine<\/h4>\n\n\n\n<p>Ville dot\u00e9e de b\u00e2tisses de la fin du Moyen-\u00c2ge, de la Renaissance et de jolies places.<br \/> Au pied de la colline, se trouve la Piazza Libert\u00e0, place tr\u00e8s anim\u00e9e avec en son centre un tr\u00e8s beau clocher avec deux statues g\u00e9antes de chaque c\u00f4t\u00e9. Pr\u00e8s de cette place on trouve aussi la <strong>Loggia di San Giovanni<\/strong> (visite sous r\u00e9serve d\u2019acceptation et tarif \u00e0 reconfirmer). <strong>Visite de la villa Manin<\/strong> \u00e0 Codriapo,  pr\u00e8s d\u2019Udine.  <strong>Visite d\u2019une fabrique de jambon San Daniele<\/strong>.<\/p>\n\n\n\n<p>Retour \u00e0 Lignano-Sabbiadoro<\/p>\n\n\n\n<h4 class=\"wp-block-heading\">Vendredi 15 mai 2020 : Venise-Bordeaux<\/h4>\n\n\n\n<p>D\u00e9part en autocar vers Venise.<\/p>\n\n\n\n<p><strong>Visite et balade dans les rues de Venise<\/strong>. D\u00e9jeuner libre et temps libre.<\/p>\n\n\n\n<p>Transfert en autocar vers l\u2019a\u00e9roport de Venise pour prendre le vol retour.<\/p>\n\n\n\n<p>Horaire du vol \u00e0 reconfirmer : d\u00e9part a priori de Venise \u00e0 16h40, arriv\u00e9e \u00e0 Bordeaux \u00e0 18h40.<\/p>\n\n\n\n<p><strong>PRIX pour 16  \u00e0 20 PERSONNES en demi-pension en chambre double : 1500\u20ac payables en 5 \u00e9ch\u00e9ances : novembre, janvier, f\u00e9vrier, mars, avril \u00e0 raison de 300\u20ac par \u00e9ch\u00e9ance. Les cinq ch\u00e8ques seront donn\u00e9s ensemble, mais seulement encaiss\u00e9s \u00e0 chaque \u00e9ch\u00e9ance.<\/strong><\/p>\n\n\n\n<p><strong>En demi-pension, en chambre seule : 1600\u20ac, en 5 \u00e9ch\u00e9ances, \u00e0 raison de 320\u20ac par \u00e9ch\u00e9ance.<\/strong><\/p>\n\n\n\n<p><strong>La date limite d&rsquo;inscription sont le 30 septembre.<\/strong><\/p>\n\n\n\n<p>Pour 20 personnes : <\/p>\n\n\n\n<ul class=\"wp-block-list\"><li>en chambre double : 1350\u20ac ; soit 270\u20ac par \u00e9ch\u00e9ance<\/li><li>en chambre seule : 1450\u20ac, soit 290\u20ac par \u00e9ch\u00e9ance.     <\/li><\/ul>\n","protected":false},"excerpt":{"rendered":"<p>Du 8 au 15 mai 2020 Vendredi 8 mai 2020 : Bordeaux-Venise&hellip;<\/p>\n","protected":false},"author":7,"featured_media":3141,"comment_status":"closed","ping_status":"open","sticky":false,"template":"","format":"standard","meta":{"footnotes":""},"categories":[10],"tags":[],"class_list":["post-3140","post","type-post","status-publish","format-standard","has-post-thumbnail","hentry","category-voyages"],"_links":{"self":[{"href":"https:\/\/italiejumelage.saintmedardasso.fr\/index.php?rest_route=\/wp\/v2\/posts\/3140","targetHints":{"allow":["GET"]}}],"collection":[{"href":"https:\/\/italiejumelage.saintmedardasso.fr\/index.php?rest_route=\/wp\/v2\/posts"}],"about":[{"href":"https:\/\/italiejumelage.saintmedardasso.fr\/index.php?rest_route=\/wp\/v2\/types\/post"}],"author":[{"embeddable":true,"href":"https:\/\/italiejumelage.saintmedardasso.fr\/index.php?rest_route=\/wp\/v2\/users\/7"}],"replies":[{"embeddable":true,"href":"https:\/\/italiejumelage.saintmedardasso.fr\/index.php?rest_route=%2Fwp%2Fv2%2Fcomments&post=3140"}],"version-history":[{"count":3,"href":"https:\/\/italiejumelage.saintmedardasso.fr\/index.php?rest_route=\/wp\/v2\/posts\/3140\/revisions"}],"predecessor-version":[{"id":4130,"href":"https:\/\/italiejumelage.saintmedardasso.fr\/index.php?rest_route=\/wp\/v2\/posts\/3140\/revisions\/4130"}],"wp:featuredmedia":[{"embeddable":true,"href":"https:\/\/italiejumelage.saintmedardasso.fr\/index.php?rest_route=\/wp\/v2\/media\/3141"}],"wp:attachment":[{"href":"https:\/\/italiejumelage.saintmedardasso.fr\/index.php?rest_route=%2Fwp%2Fv2%2Fmedia&parent=3140"}],"wp:term":[{"taxonomy":"category","embeddable":true,"href":"https:\/\/italiejumelage.saintmedardasso.fr\/index.php?rest_route=%2Fwp%2Fv2%2Fcategories&post=3140"},{"taxonomy":"post_tag","embeddable":true,"href":"https:\/\/italiejumelage.saintmedardasso.fr\/index.php?rest_route=%2Fwp%2Fv2%2Ftags&post=3140"}],"curies":[{"name":"wp","href":"https:\/\/api.w.org\/{rel}","templated":true}]}}