{"id":3164,"date":"2019-12-09T00:26:54","date_gmt":"2019-12-08T23:26:54","guid":{"rendered":"http:\/\/italiejumelage.saintmedardasso.fr\/?p=3164"},"modified":"2019-12-09T00:27:25","modified_gmt":"2019-12-08T23:27:25","slug":"conference-les-ritals","status":"publish","type":"post","link":"https:\/\/italiejumelage.saintmedardasso.fr\/?p=3164","title":{"rendered":"Conf\u00e9rence : Les Ritals"},"content":{"rendered":"\n<p>Christian Bardou, professeur d&rsquo;Histoire-G\u00e9ographie donnera une conf\u00e9rence sur l\u2019immigration italienne en France.<\/p>\n\n\n\n<p>Rendez-vous le <strong>vendredi 13 d\u00e9cembre<\/strong> 2019 \u00e0 20h au P\u00f4le municipal Simone Veil (26 rue Aurel Chazeau) de Saint-M\u00e9dard-en-Jalles<\/p>\n\n\n\n<p>Entr\u00e9e : 5 \u20ac, gratuit pour \u00e9tudiants et enfants<\/p>\n\n\n\n<div class=\"wp-block-image\"><figure class=\"aligncenter\"><img loading=\"lazy\" decoding=\"async\" width=\"400\" height=\"552\" src=\"https:\/\/italiejumelage.saintmedardasso.fr\/wp-content\/uploads\/2019\/12\/affiche-pour-la-confe\u0301rence-du-13-de\u0301cembre-sur-les-Ritals.jpg\" alt=\"\" class=\"wp-image-3165\" srcset=\"https:\/\/italiejumelage.saintmedardasso.fr\/wp-content\/uploads\/2019\/12\/affiche-pour-la-confe\u0301rence-du-13-de\u0301cembre-sur-les-Ritals.jpg 400w, https:\/\/italiejumelage.saintmedardasso.fr\/wp-content\/uploads\/2019\/12\/affiche-pour-la-confe\u0301rence-du-13-de\u0301cembre-sur-les-Ritals-217x300.jpg 217w, https:\/\/italiejumelage.saintmedardasso.fr\/wp-content\/uploads\/2019\/12\/affiche-pour-la-confe\u0301rence-du-13-de\u0301cembre-sur-les-Ritals-109x150.jpg 109w\" sizes=\"auto, (max-width: 400px) 100vw, 400px\" \/><\/figure><\/div>\n","protected":false},"excerpt":{"rendered":"<p>Christian Bardou, professeur d&rsquo;Histoire-G\u00e9ographie donnera une conf\u00e9rence sur l\u2019immigration italienne en France.&hellip;<\/p>\n","protected":false},"author":7,"featured_media":3166,"comment_status":"closed","ping_status":"open","sticky":false,"template":"","format":"standard","meta":{"footnotes":""},"categories":[11],"tags":[],"class_list":["post-3164","post","type-post","status-publish","format-standard","has-post-thumbnail","hentry","category-conferences-cinema-spectacles"],"_links":{"self":[{"href":"https:\/\/italiejumelage.saintmedardasso.fr\/index.php?rest_route=\/wp\/v2\/posts\/3164","targetHints":{"allow":["GET"]}}],"collection":[{"href":"https:\/\/italiejumelage.saintmedardasso.fr\/index.php?rest_route=\/wp\/v2\/posts"}],"about":[{"href":"https:\/\/italiejumelage.saintmedardasso.fr\/index.php?rest_route=\/wp\/v2\/types\/post"}],"author":[{"embeddable":true,"href":"https:\/\/italiejumelage.saintmedardasso.fr\/index.php?rest_route=\/wp\/v2\/users\/7"}],"replies":[{"embeddable":true,"href":"https:\/\/italiejumelage.saintmedardasso.fr\/index.php?rest_route=%2Fwp%2Fv2%2Fcomments&post=3164"}],"version-history":[{"count":1,"href":"https:\/\/italiejumelage.saintmedardasso.fr\/index.php?rest_route=\/wp\/v2\/posts\/3164\/revisions"}],"predecessor-version":[{"id":3167,"href":"https:\/\/italiejumelage.saintmedardasso.fr\/index.php?rest_route=\/wp\/v2\/posts\/3164\/revisions\/3167"}],"wp:featuredmedia":[{"embeddable":true,"href":"https:\/\/italiejumelage.saintmedardasso.fr\/index.php?rest_route=\/wp\/v2\/media\/3166"}],"wp:attachment":[{"href":"https:\/\/italiejumelage.saintmedardasso.fr\/index.php?rest_route=%2Fwp%2Fv2%2Fmedia&parent=3164"}],"wp:term":[{"taxonomy":"category","embeddable":true,"href":"https:\/\/italiejumelage.saintmedardasso.fr\/index.php?rest_route=%2Fwp%2Fv2%2Fcategories&post=3164"},{"taxonomy":"post_tag","embeddable":true,"href":"https:\/\/italiejumelage.saintmedardasso.fr\/index.php?rest_route=%2Fwp%2Fv2%2Ftags&post=3164"}],"curies":[{"name":"wp","href":"https:\/\/api.w.org\/{rel}","templated":true}]}}