{"id":3357,"date":"2022-02-18T15:10:59","date_gmt":"2022-02-18T14:10:59","guid":{"rendered":"http:\/\/italiejumelage.saintmedardasso.fr\/?p=3357"},"modified":"2024-06-10T10:53:32","modified_gmt":"2024-06-10T08:53:32","slug":"au-nord-de-litalie-que-dhistoires-de-frontieres","status":"publish","type":"post","link":"https:\/\/italiejumelage.saintmedardasso.fr\/?p=3357","title":{"rendered":"Au nord de l&rsquo;Italie, que d&rsquo;histoires de fronti\u00e8res !"},"content":{"rendered":"\n<figure class=\"wp-block-image size-large is-resized\"><img loading=\"lazy\" decoding=\"async\" src=\"https:\/\/italiejumelage.saintmedardasso.fr\/wp-content\/uploads\/2022\/02\/Conference-Comite-dItalie-du-3-mars-2022-1024x642.jpg\" alt=\"\" class=\"wp-image-3356\" width=\"561\" height=\"351\" srcset=\"https:\/\/italiejumelage.saintmedardasso.fr\/wp-content\/uploads\/2022\/02\/Conference-Comite-dItalie-du-3-mars-2022-1024x642.jpg 1024w, https:\/\/italiejumelage.saintmedardasso.fr\/wp-content\/uploads\/2022\/02\/Conference-Comite-dItalie-du-3-mars-2022-300x188.jpg 300w, https:\/\/italiejumelage.saintmedardasso.fr\/wp-content\/uploads\/2022\/02\/Conference-Comite-dItalie-du-3-mars-2022-150x94.jpg 150w, https:\/\/italiejumelage.saintmedardasso.fr\/wp-content\/uploads\/2022\/02\/Conference-Comite-dItalie-du-3-mars-2022.jpg 1141w\" sizes=\"auto, (max-width: 561px) 100vw, 561px\" \/><\/figure>\n\n\n\n<p><strong>Conf\u00e9rence par Christian Bardou<\/strong><\/p>\n\n\n\n<p><strong>Professeur d&rsquo;histoire et de g\u00e9ographie<\/strong><\/p>\n\n\n\n<h4 class=\"wp-block-heading\">Le 3 mars 2022 \u00e0 20 heures<\/h4>\n\n\n\n<p><strong>au P\u00f4le Simone Veil &#8211; 26 rue Aurel Chazeau \u00e0 Saint-M\u00e9dard en Jalles<\/strong><\/p>\n\n\n\n<p><strong>Entr\u00e9e gratuite<\/strong> <\/p>\n","protected":false},"excerpt":{"rendered":"<p>Conf\u00e9rence par Christian Bardou Professeur d&rsquo;histoire et de g\u00e9ographie Le 3 mars&hellip;<\/p>\n","protected":false},"author":17,"featured_media":3356,"comment_status":"closed","ping_status":"open","sticky":false,"template":"","format":"standard","meta":{"footnotes":""},"categories":[11],"tags":[],"class_list":["post-3357","post","type-post","status-publish","format-standard","has-post-thumbnail","hentry","category-conferences-cinema-spectacles"],"_links":{"self":[{"href":"https:\/\/italiejumelage.saintmedardasso.fr\/index.php?rest_route=\/wp\/v2\/posts\/3357","targetHints":{"allow":["GET"]}}],"collection":[{"href":"https:\/\/italiejumelage.saintmedardasso.fr\/index.php?rest_route=\/wp\/v2\/posts"}],"about":[{"href":"https:\/\/italiejumelage.saintmedardasso.fr\/index.php?rest_route=\/wp\/v2\/types\/post"}],"author":[{"embeddable":true,"href":"https:\/\/italiejumelage.saintmedardasso.fr\/index.php?rest_route=\/wp\/v2\/users\/17"}],"replies":[{"embeddable":true,"href":"https:\/\/italiejumelage.saintmedardasso.fr\/index.php?rest_route=%2Fwp%2Fv2%2Fcomments&post=3357"}],"version-history":[{"count":3,"href":"https:\/\/italiejumelage.saintmedardasso.fr\/index.php?rest_route=\/wp\/v2\/posts\/3357\/revisions"}],"predecessor-version":[{"id":3362,"href":"https:\/\/italiejumelage.saintmedardasso.fr\/index.php?rest_route=\/wp\/v2\/posts\/3357\/revisions\/3362"}],"wp:featuredmedia":[{"embeddable":true,"href":"https:\/\/italiejumelage.saintmedardasso.fr\/index.php?rest_route=\/wp\/v2\/media\/3356"}],"wp:attachment":[{"href":"https:\/\/italiejumelage.saintmedardasso.fr\/index.php?rest_route=%2Fwp%2Fv2%2Fmedia&parent=3357"}],"wp:term":[{"taxonomy":"category","embeddable":true,"href":"https:\/\/italiejumelage.saintmedardasso.fr\/index.php?rest_route=%2Fwp%2Fv2%2Fcategories&post=3357"},{"taxonomy":"post_tag","embeddable":true,"href":"https:\/\/italiejumelage.saintmedardasso.fr\/index.php?rest_route=%2Fwp%2Fv2%2Ftags&post=3357"}],"curies":[{"name":"wp","href":"https:\/\/api.w.org\/{rel}","templated":true}]}}