{"id":3365,"date":"2022-02-21T18:50:11","date_gmt":"2022-02-21T17:50:11","guid":{"rendered":"http:\/\/italiejumelage.saintmedardasso.fr\/?p=3365"},"modified":"2024-06-10T10:52:26","modified_gmt":"2024-06-10T08:52:26","slug":"jeudi-europeen","status":"publish","type":"post","link":"https:\/\/italiejumelage.saintmedardasso.fr\/?p=3365","title":{"rendered":"Jeudi Europ\u00e9en"},"content":{"rendered":"\n<p class=\"has-medium-font-size\"><strong>le 17 mars 2022 \u00e0 14 h 30<\/strong> <\/p>\n\n\n\n<h2 class=\"has-medium-font-size wp-block-heading\">Maison Silhouette (ex-salle des anciens combattants) &#8211; 129 avenue Montaigne \u00e0 Saint M\u00e9dard en Jalles<\/h2>\n\n\n\n<p>seront pr\u00e9sent\u00e9es par Madame Arlette Capdepuy, pr\u00e9sidente de<br \/>l&rsquo;association du Patrimoine et par Madame Sieghild Jensen-Roth, docteure<br \/>en litt\u00e9rature compar\u00e9e le livre intitul\u00e9 : \u00ab\u00a0De la jeunesse hitl\u00e9rienne<br \/>aux camps de prisonniers de l&rsquo;Atlantique\u00a0\u00bb, lettres de Wolfram Kn\u00f6chel<br \/>dont le texte a \u00e9t\u00e9 \u00e9tabli par Madame Arlette Capdepuy et traduit par<br \/>Madame Jensen-Roth.&nbsp;<\/p>\n\n\n\n<p>La section Italie du comit\u00e9 de jumelage vous esp\u00e8re nombreux, ce<br \/>jour-l\u00e0, aussi bien les membres du caf\u00e9 litt\u00e9raire que les adh\u00e9rents de<br \/>la section Allemagne du comit\u00e9 de jumelage.<\/p>\n\n\n\n<figure class=\"wp-block-image size-full\"><img loading=\"lazy\" decoding=\"async\" width=\"268\" height=\"188\" src=\"https:\/\/italiejumelage.saintmedardasso.fr\/wp-content\/uploads\/2022\/02\/livre-ouvert.jpg\" alt=\"\" class=\"wp-image-3372\" srcset=\"https:\/\/italiejumelage.saintmedardasso.fr\/wp-content\/uploads\/2022\/02\/livre-ouvert.jpg 268w, https:\/\/italiejumelage.saintmedardasso.fr\/wp-content\/uploads\/2022\/02\/livre-ouvert-150x105.jpg 150w\" sizes=\"auto, (max-width: 268px) 100vw, 268px\" \/><\/figure>\n\n\n\n<p><\/p>\n\n\n\n<p><\/p>\n\n\n\n<p><\/p>\n\n\n\n<figure class=\"wp-block-image size-full is-resized\"><img loading=\"lazy\" decoding=\"async\" src=\"https:\/\/italiejumelage.saintmedardasso.fr\/wp-content\/uploads\/2022\/02\/Jeudi-Europeen-du-17-mars-2022-1.jpg\" alt=\"\" class=\"wp-image-3363\" width=\"532\" height=\"535\" srcset=\"https:\/\/italiejumelage.saintmedardasso.fr\/wp-content\/uploads\/2022\/02\/Jeudi-Europeen-du-17-mars-2022-1.jpg 648w, https:\/\/italiejumelage.saintmedardasso.fr\/wp-content\/uploads\/2022\/02\/Jeudi-Europeen-du-17-mars-2022-1-298x300.jpg 298w, https:\/\/italiejumelage.saintmedardasso.fr\/wp-content\/uploads\/2022\/02\/Jeudi-Europeen-du-17-mars-2022-1-150x150.jpg 150w\" sizes=\"auto, (max-width: 532px) 100vw, 532px\" \/><\/figure>\n\n\n\n<p><\/p>\n","protected":false},"excerpt":{"rendered":"<p>le 17 mars 2022 \u00e0 14 h 30 Maison Silhouette (ex-salle des&hellip;<\/p>\n","protected":false},"author":17,"featured_media":3372,"comment_status":"closed","ping_status":"open","sticky":false,"template":"","format":"standard","meta":{"footnotes":""},"categories":[12],"tags":[],"class_list":["post-3365","post","type-post","status-publish","format-standard","has-post-thumbnail","hentry","category-lectures"],"_links":{"self":[{"href":"https:\/\/italiejumelage.saintmedardasso.fr\/index.php?rest_route=\/wp\/v2\/posts\/3365","targetHints":{"allow":["GET"]}}],"collection":[{"href":"https:\/\/italiejumelage.saintmedardasso.fr\/index.php?rest_route=\/wp\/v2\/posts"}],"about":[{"href":"https:\/\/italiejumelage.saintmedardasso.fr\/index.php?rest_route=\/wp\/v2\/types\/post"}],"author":[{"embeddable":true,"href":"https:\/\/italiejumelage.saintmedardasso.fr\/index.php?rest_route=\/wp\/v2\/users\/17"}],"replies":[{"embeddable":true,"href":"https:\/\/italiejumelage.saintmedardasso.fr\/index.php?rest_route=%2Fwp%2Fv2%2Fcomments&post=3365"}],"version-history":[{"count":7,"href":"https:\/\/italiejumelage.saintmedardasso.fr\/index.php?rest_route=\/wp\/v2\/posts\/3365\/revisions"}],"predecessor-version":[{"id":3374,"href":"https:\/\/italiejumelage.saintmedardasso.fr\/index.php?rest_route=\/wp\/v2\/posts\/3365\/revisions\/3374"}],"wp:featuredmedia":[{"embeddable":true,"href":"https:\/\/italiejumelage.saintmedardasso.fr\/index.php?rest_route=\/wp\/v2\/media\/3372"}],"wp:attachment":[{"href":"https:\/\/italiejumelage.saintmedardasso.fr\/index.php?rest_route=%2Fwp%2Fv2%2Fmedia&parent=3365"}],"wp:term":[{"taxonomy":"category","embeddable":true,"href":"https:\/\/italiejumelage.saintmedardasso.fr\/index.php?rest_route=%2Fwp%2Fv2%2Fcategories&post=3365"},{"taxonomy":"post_tag","embeddable":true,"href":"https:\/\/italiejumelage.saintmedardasso.fr\/index.php?rest_route=%2Fwp%2Fv2%2Ftags&post=3365"}],"curies":[{"name":"wp","href":"https:\/\/api.w.org\/{rel}","templated":true}]}}