{"id":3429,"date":"2022-04-05T21:51:18","date_gmt":"2022-04-05T19:51:18","guid":{"rendered":"http:\/\/italiejumelage.saintmedardasso.fr\/?p=3429"},"modified":"2024-06-10T10:48:20","modified_gmt":"2024-06-10T08:48:20","slug":"le-mois-du-cinema-italien","status":"publish","type":"post","link":"https:\/\/italiejumelage.saintmedardasso.fr\/?p=3429","title":{"rendered":"Le mois du cin\u00e9ma italien"},"content":{"rendered":"\n<figure class=\"wp-block-image size-full\"><img loading=\"lazy\" decoding=\"async\" width=\"315\" height=\"160\" src=\"https:\/\/italiejumelage.saintmedardasso.fr\/wp-content\/uploads\/2022\/04\/pellicule-cinema.jpg\" alt=\"\" class=\"wp-image-3428\" srcset=\"https:\/\/italiejumelage.saintmedardasso.fr\/wp-content\/uploads\/2022\/04\/pellicule-cinema.jpg 315w, https:\/\/italiejumelage.saintmedardasso.fr\/wp-content\/uploads\/2022\/04\/pellicule-cinema-300x152.jpg 300w, https:\/\/italiejumelage.saintmedardasso.fr\/wp-content\/uploads\/2022\/04\/pellicule-cinema-150x76.jpg 150w\" sizes=\"auto, (max-width: 315px) 100vw, 315px\" \/><\/figure>\n\n\n\n<p>Le Comit\u00e9 de Jumelage Italie de Saint M\u00e9dard en Jalles en partenariat avec le cin\u00e9ma l&rsquo;Etoile, le Comit\u00e9 de Jumelage du Taillan-M\u00e9doc et l\u2019association Amici dell\u2019Italia\u00a0 vous proposent deux films en italien, sous-titr\u00e9s, programm\u00e9s au cin\u00e9ma \u00ab\u00a0l&rsquo;Etoile\u00a0\u00bb Place de la R\u00e9publique \u00e0 Saint-M\u00e9dard en Jalles :<\/p>\n\n\n\n<p class=\"has-vivid-red-color has-text-color\"><strong><em>Le vendredi 8 avril \u00e0 18 h :\u00a0JE VOULAIS ME CACHER :<\/em><\/strong>\u00a0biopic de Giorgio Diritti avec Elio Germano, Oliver Ewy, Leonardo Carrozzo. <\/p>\n\n\n\n<p>Expuls\u00e9 par l\u2019institution suisse qui s\u2019occupait de lui \u00e0 la fin de la Premi\u00e8re Guerre mondiale, Antonio se retrouve en Italie contre sa volont\u00e9. Sans attache, vivant dans un grand d\u00e9nuement, il s\u2019accroche \u00e0 sa raison de vivre, la peinture qu\u2019il pratique en autodidacte. Peu \u00e0 peu, du public \u00e0 la critique, son \u00abart\u00bb va bousculer l\u2019acad\u00e9misme. Le destin incroyable et vrai d\u2019Antonio Ligabue, l\u2019un des ma\u00eetres de la peinture na\u00efve aux c\u00f4t\u00e9s de Rousseau et S\u00e9raphine de Senlis.\u00a0<\/p>\n\n\n\n<p> <\/p>\n\n\n\n<p class=\"has-vivid-red-color has-text-color\"><strong><u><em>Le vendredi 15 avril \u00e0 18 h\u00a0: MICHEL-ANGE :<\/em><\/u><\/strong>\u00a0biopic d\u2019Andrey Konchalovsky avec Alberto Testone, Adriano Chiaramida, Yuliya Vysotskaya. <\/p>\n\n\n\n<p>Michel Ange \u00e0 travers les moments d\u2019angoisse et d\u2019extase de son g\u00e9nie cr\u00e9atif, tandis que deux familles nobles rivales se disputent sa loyaut\u00e9.<\/p>\n\n\n\n<p><br \/>Une introduction ayant pour th\u00e8me \u00ab\u00a0les affres de la cr\u00e9ation\u00a0\u00bb sera\u00a0\u00a0assur\u00e9e par Philippe Lavigne, Docteur en Histoire de l\u2019Art.\u00a0<\/p>\n\n\n\n<p class=\"has-vivid-red-color has-text-color\"><strong>Tarif : 4,50 euros la s\u00e9ance<\/strong><\/p>\n\n\n\n<p>Par ailleurs, le 15 avril apr\u00e8s la projection, il vous sera propos\u00e9 des assiettes sal\u00e9es ou sucr\u00e9es (payantes) accompagn\u00e9es de boissons au bar du carr\u00e9 des jalles.\u00a0 \u00a0 \u00a0 \u00a0\u00a0\u00a0 \u00a0 \u00a0 \u00a0 <\/p>\n\n\n\n<p>Nous esp\u00e9rons que vous passerez un excellent moment avec ces films.<\/p>\n","protected":false},"excerpt":{"rendered":"<p>Le Comit\u00e9 de Jumelage Italie de Saint M\u00e9dard en Jalles en partenariat&hellip;<\/p>\n","protected":false},"author":17,"featured_media":3428,"comment_status":"closed","ping_status":"open","sticky":false,"template":"","format":"standard","meta":{"footnotes":""},"categories":[11],"tags":[],"class_list":["post-3429","post","type-post","status-publish","format-standard","has-post-thumbnail","hentry","category-conferences-cinema-spectacles"],"_links":{"self":[{"href":"https:\/\/italiejumelage.saintmedardasso.fr\/index.php?rest_route=\/wp\/v2\/posts\/3429","targetHints":{"allow":["GET"]}}],"collection":[{"href":"https:\/\/italiejumelage.saintmedardasso.fr\/index.php?rest_route=\/wp\/v2\/posts"}],"about":[{"href":"https:\/\/italiejumelage.saintmedardasso.fr\/index.php?rest_route=\/wp\/v2\/types\/post"}],"author":[{"embeddable":true,"href":"https:\/\/italiejumelage.saintmedardasso.fr\/index.php?rest_route=\/wp\/v2\/users\/17"}],"replies":[{"embeddable":true,"href":"https:\/\/italiejumelage.saintmedardasso.fr\/index.php?rest_route=%2Fwp%2Fv2%2Fcomments&post=3429"}],"version-history":[{"count":1,"href":"https:\/\/italiejumelage.saintmedardasso.fr\/index.php?rest_route=\/wp\/v2\/posts\/3429\/revisions"}],"predecessor-version":[{"id":3430,"href":"https:\/\/italiejumelage.saintmedardasso.fr\/index.php?rest_route=\/wp\/v2\/posts\/3429\/revisions\/3430"}],"wp:featuredmedia":[{"embeddable":true,"href":"https:\/\/italiejumelage.saintmedardasso.fr\/index.php?rest_route=\/wp\/v2\/media\/3428"}],"wp:attachment":[{"href":"https:\/\/italiejumelage.saintmedardasso.fr\/index.php?rest_route=%2Fwp%2Fv2%2Fmedia&parent=3429"}],"wp:term":[{"taxonomy":"category","embeddable":true,"href":"https:\/\/italiejumelage.saintmedardasso.fr\/index.php?rest_route=%2Fwp%2Fv2%2Fcategories&post=3429"},{"taxonomy":"post_tag","embeddable":true,"href":"https:\/\/italiejumelage.saintmedardasso.fr\/index.php?rest_route=%2Fwp%2Fv2%2Ftags&post=3429"}],"curies":[{"name":"wp","href":"https:\/\/api.w.org\/{rel}","templated":true}]}}