{"id":3435,"date":"2022-05-03T10:07:15","date_gmt":"2022-05-03T08:07:15","guid":{"rendered":"http:\/\/italiejumelage.saintmedardasso.fr\/?p=3435"},"modified":"2024-06-10T10:46:49","modified_gmt":"2024-06-10T08:46:49","slug":"dedicace-et-conference","status":"publish","type":"post","link":"https:\/\/italiejumelage.saintmedardasso.fr\/?p=3435","title":{"rendered":"D\u00e9dicace et conf\u00e9rence"},"content":{"rendered":"\n<p class=\"has-vivid-red-color has-text-color\"><\/p>\n\n\n\n<figure class=\"wp-block-image size-full\"><img loading=\"lazy\" decoding=\"async\" width=\"275\" height=\"183\" src=\"https:\/\/italiejumelage.saintmedardasso.fr\/wp-content\/uploads\/2022\/05\/Livre.jpg\" alt=\"\" class=\"wp-image-3434\" srcset=\"https:\/\/italiejumelage.saintmedardasso.fr\/wp-content\/uploads\/2022\/05\/Livre.jpg 275w, https:\/\/italiejumelage.saintmedardasso.fr\/wp-content\/uploads\/2022\/05\/Livre-150x100.jpg 150w\" sizes=\"auto, (max-width: 275px) 100vw, 275px\" \/><\/figure>\n\n\n\n<p class=\"has-vivid-red-color has-text-color\">Le&nbsp;<strong>mercredi 11 mai<\/strong>, au centre culturel de Leclerc&nbsp;\u00e0&nbsp;ST M\u00e9dard, venez \u00e0 la rencontre des \u00e9ditions bordelaises&nbsp;<strong>Agullo<\/strong>&nbsp;et de leur auteur historique&nbsp;<strong>Val\u00e9rio Varesi<\/strong>&nbsp;!<\/p>\n\n\n\n<p class=\"has-vivid-red-color has-text-color\">De<strong>&nbsp;15h<\/strong>&nbsp;\u00e0&nbsp;<strong>19h<\/strong>, l&rsquo;auteur italien vous d\u00e9dicacera son tout dernier polar :<strong><em>&nbsp;<u>La main de Dieu<\/u><\/em><\/strong><\/p>\n\n\n\n<p class=\"has-vivid-red-color has-text-color\">Vous pourrez ensuite assister \u00e0 une conf\u00e9rence \u00e0 19 h avec<strong>&nbsp;Valerio Varesi&nbsp;<\/strong>et la maison d&rsquo;\u00e9dition fran\u00e7aise&nbsp;<strong>Agullo \u00c9ditions<\/strong>. Cr\u00e9\u00e9e en 2016 et bas\u00e9e \u00e0 Villenave-d&rsquo;Ornon, cette maison d&rsquo;\u00e9dition est notamment sp\u00e9cialis\u00e9e dans les litt\u00e9ratures du continent europ\u00e9en.<\/p>\n","protected":false},"excerpt":{"rendered":"<p>Le&nbsp;mercredi 11 mai, au centre culturel de Leclerc&nbsp;\u00e0&nbsp;ST M\u00e9dard, venez \u00e0 la&hellip;<\/p>\n","protected":false},"author":17,"featured_media":3434,"comment_status":"closed","ping_status":"open","sticky":false,"template":"","format":"standard","meta":{"footnotes":""},"categories":[11],"tags":[],"class_list":["post-3435","post","type-post","status-publish","format-standard","has-post-thumbnail","hentry","category-conferences-cinema-spectacles"],"_links":{"self":[{"href":"https:\/\/italiejumelage.saintmedardasso.fr\/index.php?rest_route=\/wp\/v2\/posts\/3435","targetHints":{"allow":["GET"]}}],"collection":[{"href":"https:\/\/italiejumelage.saintmedardasso.fr\/index.php?rest_route=\/wp\/v2\/posts"}],"about":[{"href":"https:\/\/italiejumelage.saintmedardasso.fr\/index.php?rest_route=\/wp\/v2\/types\/post"}],"author":[{"embeddable":true,"href":"https:\/\/italiejumelage.saintmedardasso.fr\/index.php?rest_route=\/wp\/v2\/users\/17"}],"replies":[{"embeddable":true,"href":"https:\/\/italiejumelage.saintmedardasso.fr\/index.php?rest_route=%2Fwp%2Fv2%2Fcomments&post=3435"}],"version-history":[{"count":1,"href":"https:\/\/italiejumelage.saintmedardasso.fr\/index.php?rest_route=\/wp\/v2\/posts\/3435\/revisions"}],"predecessor-version":[{"id":3436,"href":"https:\/\/italiejumelage.saintmedardasso.fr\/index.php?rest_route=\/wp\/v2\/posts\/3435\/revisions\/3436"}],"wp:featuredmedia":[{"embeddable":true,"href":"https:\/\/italiejumelage.saintmedardasso.fr\/index.php?rest_route=\/wp\/v2\/media\/3434"}],"wp:attachment":[{"href":"https:\/\/italiejumelage.saintmedardasso.fr\/index.php?rest_route=%2Fwp%2Fv2%2Fmedia&parent=3435"}],"wp:term":[{"taxonomy":"category","embeddable":true,"href":"https:\/\/italiejumelage.saintmedardasso.fr\/index.php?rest_route=%2Fwp%2Fv2%2Fcategories&post=3435"},{"taxonomy":"post_tag","embeddable":true,"href":"https:\/\/italiejumelage.saintmedardasso.fr\/index.php?rest_route=%2Fwp%2Fv2%2Ftags&post=3435"}],"curies":[{"name":"wp","href":"https:\/\/api.w.org\/{rel}","templated":true}]}}