{"id":3570,"date":"2022-09-08T16:48:51","date_gmt":"2022-09-08T14:48:51","guid":{"rendered":"http:\/\/italiejumelage.saintmedardasso.fr\/?p=3570"},"modified":"2024-06-06T14:48:46","modified_gmt":"2024-06-06T12:48:46","slug":"soiree-musicale","status":"publish","type":"post","link":"https:\/\/italiejumelage.saintmedardasso.fr\/?p=3570","title":{"rendered":"Soir\u00e9e Musicale"},"content":{"rendered":"\n<p class=\"has-vivid-red-color has-text-color\">Le Comit\u00e9 de Jumelage Espagne\u00a0vous propose de se rencontrer lors d\u2019une<br \/>soir\u00e9e musicale avec le groupe\u00a0<strong><em>Los soles<\/em>\u00a0<\/strong>et la\u00a0chorale\u00a0<strong><em>Syrinx<\/em><\/strong>\u00a0de Gradignan<br \/>pour \u00e9couter\u00a0\u00ab\u00a0Misa por un continente\u00a0\u00bb le<strong>\u00a01<sup>er<\/sup>\u00a0octobre 2022 \u00e0 18h<\/strong><br \/>\u00e0 l\u2019\u00e9glise Saint-M\u00e9dard-en-Jalles. <\/p>\n\n\n\n<p><\/p>\n\n\n\n<figure class=\"wp-block-image size-full\"><img loading=\"lazy\" decoding=\"async\" width=\"752\" height=\"423\" src=\"https:\/\/italiejumelage.saintmedardasso.fr\/wp-content\/uploads\/2022\/09\/image-concert-du-1er-octobre-2022.jpg\" alt=\"\" class=\"wp-image-3569\" srcset=\"https:\/\/italiejumelage.saintmedardasso.fr\/wp-content\/uploads\/2022\/09\/image-concert-du-1er-octobre-2022.jpg 752w, https:\/\/italiejumelage.saintmedardasso.fr\/wp-content\/uploads\/2022\/09\/image-concert-du-1er-octobre-2022-300x169.jpg 300w, https:\/\/italiejumelage.saintmedardasso.fr\/wp-content\/uploads\/2022\/09\/image-concert-du-1er-octobre-2022-150x84.jpg 150w\" sizes=\"auto, (max-width: 752px) 100vw, 752px\" \/><\/figure>\n\n\n\n<p>Cette Misa s\u2019inscrit dans la diversit\u00e9 musicale latino-am\u00e9ricaine. Ce n\u2019est pas une messe au sens \u00ab occidental \u00bb du terme, m\u00eame si elle en respecte la forme. Les cinq parties habituelles de la messe : Kyrie, Credo, Agnus Dei, Sanctus et Gloria utilisent les formes musicales et les rythmes du continent latino-am\u00e9ricain.<\/p>\n\n\n\n<p>La MISA POR UN CONTINENTE d\u00e9nonce l\u2019oppression des dictatures en Am\u00e9rique latine.<br \/>Inspir\u00e9s par la&nbsp;th\u00e9ologie de la lib\u00e9ration&nbsp; et au vu de la situation g\u00e9opolitique de l\u2019\u00e9poque en Am\u00e9rique latine (les dictateurs Pinochet, Stroessner, Videla\u2026 sont en place), Ruben Bareiro Saguier et Francisco Marin \u00e9crivent la MISA POR UN CONTINENTE.<\/p>\n\n\n\n<p>La cr\u00e9ation aura lieu en 1972 \u00e0 l\u2019\u00e9glise Saint-Roch \u00e0 Paris, en pr\u00e9sence du prix Nobel de litt\u00e9rature&nbsp;Miguel Angel Asturias, avec l\u2019ensemble vocal ALBORADA et&nbsp;LES GUARANIS&nbsp;DE FRANCISCO MARIN. Ce groupe, compos\u00e9 essentiellement d\u2019artistes paraguayens, a \u00e9t\u00e9 le pionnier de la musique sud-am\u00e9ricaine en France et en Europe. Combattants des causes justes, cette cr\u00e9ation a \u00e9t\u00e9 pour eux une cons\u00e9cration. La MISA POR UN CONTINENTE,&nbsp; a d\u00e9clench\u00e9 \u00e0 cette \u00e9poque un grand engouement et ranim\u00e9 l\u2019espoir de la communaut\u00e9 latino-am\u00e9ricaine d\u2019ici et de l\u00e0-bas. A contrario, la r\u00e9action du dictateur paraguayen Alfredo Stroessner a conduit Ruben Bareiro Saguier dans ses ge\u00f4les condamnant de fait Francisco Marin et Virgilio Rojas \u00e0 un long exil.<\/p>\n\n\n\n<div style=\"height:48px\" aria-hidden=\"true\" class=\"wp-block-spacer\"><\/div>\n\n\n\n<p>Muriel Guyot<\/p>\n\n\n\n<p>Secr\u00e9taire Comit\u00e9 Jumelage Italie<\/p>\n\n\n\n<p><\/p>\n\n\n\n<p><\/p>\n","protected":false},"excerpt":{"rendered":"<p>Le Comit\u00e9 de Jumelage Espagne\u00a0vous propose de se rencontrer lors d\u2019unesoir\u00e9e musicale&hellip;<\/p>\n","protected":false},"author":17,"featured_media":3569,"comment_status":"closed","ping_status":"open","sticky":false,"template":"","format":"standard","meta":{"footnotes":""},"categories":[57],"tags":[],"class_list":["post-3570","post","type-post","status-publish","format-standard","has-post-thumbnail","hentry","category-concerts"],"_links":{"self":[{"href":"https:\/\/italiejumelage.saintmedardasso.fr\/index.php?rest_route=\/wp\/v2\/posts\/3570","targetHints":{"allow":["GET"]}}],"collection":[{"href":"https:\/\/italiejumelage.saintmedardasso.fr\/index.php?rest_route=\/wp\/v2\/posts"}],"about":[{"href":"https:\/\/italiejumelage.saintmedardasso.fr\/index.php?rest_route=\/wp\/v2\/types\/post"}],"author":[{"embeddable":true,"href":"https:\/\/italiejumelage.saintmedardasso.fr\/index.php?rest_route=\/wp\/v2\/users\/17"}],"replies":[{"embeddable":true,"href":"https:\/\/italiejumelage.saintmedardasso.fr\/index.php?rest_route=%2Fwp%2Fv2%2Fcomments&post=3570"}],"version-history":[{"count":10,"href":"https:\/\/italiejumelage.saintmedardasso.fr\/index.php?rest_route=\/wp\/v2\/posts\/3570\/revisions"}],"predecessor-version":[{"id":3583,"href":"https:\/\/italiejumelage.saintmedardasso.fr\/index.php?rest_route=\/wp\/v2\/posts\/3570\/revisions\/3583"}],"wp:featuredmedia":[{"embeddable":true,"href":"https:\/\/italiejumelage.saintmedardasso.fr\/index.php?rest_route=\/wp\/v2\/media\/3569"}],"wp:attachment":[{"href":"https:\/\/italiejumelage.saintmedardasso.fr\/index.php?rest_route=%2Fwp%2Fv2%2Fmedia&parent=3570"}],"wp:term":[{"taxonomy":"category","embeddable":true,"href":"https:\/\/italiejumelage.saintmedardasso.fr\/index.php?rest_route=%2Fwp%2Fv2%2Fcategories&post=3570"},{"taxonomy":"post_tag","embeddable":true,"href":"https:\/\/italiejumelage.saintmedardasso.fr\/index.php?rest_route=%2Fwp%2Fv2%2Ftags&post=3570"}],"curies":[{"name":"wp","href":"https:\/\/api.w.org\/{rel}","templated":true}]}}