{"id":3803,"date":"2023-02-19T10:41:45","date_gmt":"2023-02-19T09:41:45","guid":{"rendered":"http:\/\/italiejumelage.saintmedardasso.fr\/?p=3803"},"modified":"2024-06-06T14:10:08","modified_gmt":"2024-06-06T12:10:08","slug":"conference-salvatore-caputo","status":"publish","type":"post","link":"https:\/\/italiejumelage.saintmedardasso.fr\/?p=3803","title":{"rendered":"Conf\u00e9rence Salvatore Caputo"},"content":{"rendered":"\n<p><strong><em>Salvatore CAPUTO, Chef de ch\u0153ur \u00e0 l\u2019Op\u00e9ra National de Bordeaux, <\/em><\/strong><\/p>\n\n\n\n<p><strong><em>pr\u00e9sente les musiques de l\u2019op\u00e9ra La Traviata<\/em><\/strong><\/p>\n\n\n\n<figure class=\"wp-block-image size-large is-resized\"><img loading=\"lazy\" decoding=\"async\" src=\"https:\/\/italiejumelage.saintmedardasso.fr\/wp-content\/uploads\/2023\/02\/La-Traviata-942x768.jpg\" alt=\"\" class=\"wp-image-3809\" width=\"314\" height=\"256\" srcset=\"https:\/\/italiejumelage.saintmedardasso.fr\/wp-content\/uploads\/2023\/02\/La-Traviata-942x768.jpg 942w, https:\/\/italiejumelage.saintmedardasso.fr\/wp-content\/uploads\/2023\/02\/La-Traviata-300x245.jpg 300w, https:\/\/italiejumelage.saintmedardasso.fr\/wp-content\/uploads\/2023\/02\/La-Traviata-150x122.jpg 150w, https:\/\/italiejumelage.saintmedardasso.fr\/wp-content\/uploads\/2023\/02\/La-Traviata.jpg 1062w\" sizes=\"auto, (max-width: 314px) 100vw, 314px\" \/><\/figure>\n\n\n\n<p class=\"has-vivid-red-color has-text-color\"><strong>LE VENDREDI 3 MARS 2023 \u00e0 19 HEURES <\/strong><\/p>\n\n\n\n<p class=\"has-vivid-red-color has-text-color\"><strong>Salle Herm\u00e8s de l\u2019Espace Villepreux<br \/>\u00e0 Saint-Aubin-de-M\u00e9doc<br \/>tarif : 5 \u20ac\/personne<br \/>La conf\u00e9rence sera suivie d\u2019un pot de l\u2019amiti\u00e9 <\/strong><\/p>\n\n\n\n<p class=\"has-vivid-red-color has-text-color\"><strong>Affiche \u00e0 t\u00e9l\u00e9charger<\/strong> <a href=\"https:\/\/italiejumelage.saintmedardasso.fr\/wp-content\/uploads\/2023\/02\/Affiche-conference-La-Traviata.pdf\" data-type=\"URL\" data-id=\"https:\/\/italiejumelage.saintmedardasso.fr\/wp-content\/uploads\/2023\/02\/Affiche-conference-La-Traviata.pdf\"><strong>ici<\/strong><\/a><\/p>\n\n\n\n<p><\/p>\n","protected":false},"excerpt":{"rendered":"<p>Salvatore CAPUTO, Chef de ch\u0153ur \u00e0 l\u2019Op\u00e9ra National de Bordeaux, pr\u00e9sente les&hellip;<\/p>\n","protected":false},"author":17,"featured_media":3809,"comment_status":"closed","ping_status":"open","sticky":false,"template":"","format":"standard","meta":{"footnotes":""},"categories":[11],"tags":[],"class_list":["post-3803","post","type-post","status-publish","format-standard","has-post-thumbnail","hentry","category-conferences-cinema-spectacles"],"_links":{"self":[{"href":"https:\/\/italiejumelage.saintmedardasso.fr\/index.php?rest_route=\/wp\/v2\/posts\/3803","targetHints":{"allow":["GET"]}}],"collection":[{"href":"https:\/\/italiejumelage.saintmedardasso.fr\/index.php?rest_route=\/wp\/v2\/posts"}],"about":[{"href":"https:\/\/italiejumelage.saintmedardasso.fr\/index.php?rest_route=\/wp\/v2\/types\/post"}],"author":[{"embeddable":true,"href":"https:\/\/italiejumelage.saintmedardasso.fr\/index.php?rest_route=\/wp\/v2\/users\/17"}],"replies":[{"embeddable":true,"href":"https:\/\/italiejumelage.saintmedardasso.fr\/index.php?rest_route=%2Fwp%2Fv2%2Fcomments&post=3803"}],"version-history":[{"count":10,"href":"https:\/\/italiejumelage.saintmedardasso.fr\/index.php?rest_route=\/wp\/v2\/posts\/3803\/revisions"}],"predecessor-version":[{"id":3815,"href":"https:\/\/italiejumelage.saintmedardasso.fr\/index.php?rest_route=\/wp\/v2\/posts\/3803\/revisions\/3815"}],"wp:featuredmedia":[{"embeddable":true,"href":"https:\/\/italiejumelage.saintmedardasso.fr\/index.php?rest_route=\/wp\/v2\/media\/3809"}],"wp:attachment":[{"href":"https:\/\/italiejumelage.saintmedardasso.fr\/index.php?rest_route=%2Fwp%2Fv2%2Fmedia&parent=3803"}],"wp:term":[{"taxonomy":"category","embeddable":true,"href":"https:\/\/italiejumelage.saintmedardasso.fr\/index.php?rest_route=%2Fwp%2Fv2%2Fcategories&post=3803"},{"taxonomy":"post_tag","embeddable":true,"href":"https:\/\/italiejumelage.saintmedardasso.fr\/index.php?rest_route=%2Fwp%2Fv2%2Ftags&post=3803"}],"curies":[{"name":"wp","href":"https:\/\/api.w.org\/{rel}","templated":true}]}}