{"id":3829,"date":"2023-03-25T13:37:28","date_gmt":"2023-03-25T12:37:28","guid":{"rendered":"http:\/\/italiejumelage.saintmedardasso.fr\/?p=3829"},"modified":"2024-06-06T14:20:48","modified_gmt":"2024-06-06T12:20:48","slug":"jeudis-italiens","status":"publish","type":"post","link":"https:\/\/italiejumelage.saintmedardasso.fr\/?p=3829","title":{"rendered":"Jeudis italiens"},"content":{"rendered":"\n<figure class=\"wp-block-image size-full\"><img loading=\"lazy\" decoding=\"async\" width=\"146\" height=\"115\" src=\"https:\/\/italiejumelage.saintmedardasso.fr\/wp-content\/uploads\/2022\/09\/pile-de-livres.jpg\" alt=\"\" class=\"wp-image-3553\"\/><\/figure>\n\n\n\n<p class=\"has-black-color has-text-color\">Le prochain jeudi italien aura lieu\u00a0le<strong> 27 avril de 14h30 \u00e0 16h30\u00a0<\/strong>au centre Pierre Mend\u00e8s France. Il se d\u00e9roulera\u00a0 autour du livre \u00ab\u00a0De bonne famille\u00a0\u00bb d&rsquo;Isabella Bossi Fedrigotti.\u00a0Elle est n\u00e9e \u00e0 Rovereto, dans le Trentin, et est journaliste et \u00e9crivain.\u00a0De bonne famille a \u00e9t\u00e9 couronn\u00e9 par le prix Campiello en 1991.<\/p>\n\n\n\n<p>Un bref aper\u00e7u de ce livre\u00a0\u00ab\u00a0On ne saurait imaginer existences plus oppos\u00e9es que celles de Clara et de Virginia, deux s\u0153urs d&rsquo;une m\u00eame famille de la r\u00e9gion du Trentin, divis\u00e9e par les guerres et l&rsquo;Histoire. Pourtant Clara et Virginia s&rsquo;appr\u00eatent \u00e0 terminer ensemble leur vie dans la demeure ancestrale, embl\u00e8me d&rsquo;une opulence d\u00e9sormais \u00e9teinte. Elles ne s&rsquo;adressent plus la parole mais elles parlent d&rsquo;elles-m\u00eames. Leurs r\u00e9cits crois\u00e9s ressemblants \u00e0 un \u00e9mouvant album de photographies feuillet\u00e9 par deux personnes qui s&rsquo;attacheraient chacune \u00e0 des d\u00e9tails diff\u00e9rents. Les \u00e9v\u00e9nements, les \u00eatres proches, les hommes qu&rsquo;elles se sont quelquefois partag\u00e9s et qui ont aliment\u00e9 leur rancune mutuelle, tout change d&rsquo;un r\u00e9cit \u00e0 l&rsquo;autre. Et la r\u00e9alit\u00e9 devient plus \u00e9nigmatique \u00e0 mesure que ceux-ci se compl\u00e8tent.\u00a0\u00bb<\/p>\n\n\n\n<p><br \/>Pour m\u00e9moire : le caf\u00e9 litt\u00e9raire est ouvert \u00e0 tous nos adh\u00e9rents qui souhaitent y\u00a0participer.\u00a0Il se d\u00e9roule en langue fran\u00e7aise.<\/p>\n\n\n\n<p><\/p>\n","protected":false},"excerpt":{"rendered":"<p>Le prochain jeudi italien aura lieu\u00a0le 27 avril de 14h30 \u00e0 16h30\u00a0au&hellip;<\/p>\n","protected":false},"author":17,"featured_media":3434,"comment_status":"closed","ping_status":"open","sticky":false,"template":"","format":"standard","meta":{"footnotes":""},"categories":[45],"tags":[],"class_list":["post-3829","post","type-post","status-publish","format-standard","has-post-thumbnail","hentry","category-cafe-litteraire"],"_links":{"self":[{"href":"https:\/\/italiejumelage.saintmedardasso.fr\/index.php?rest_route=\/wp\/v2\/posts\/3829","targetHints":{"allow":["GET"]}}],"collection":[{"href":"https:\/\/italiejumelage.saintmedardasso.fr\/index.php?rest_route=\/wp\/v2\/posts"}],"about":[{"href":"https:\/\/italiejumelage.saintmedardasso.fr\/index.php?rest_route=\/wp\/v2\/types\/post"}],"author":[{"embeddable":true,"href":"https:\/\/italiejumelage.saintmedardasso.fr\/index.php?rest_route=\/wp\/v2\/users\/17"}],"replies":[{"embeddable":true,"href":"https:\/\/italiejumelage.saintmedardasso.fr\/index.php?rest_route=%2Fwp%2Fv2%2Fcomments&post=3829"}],"version-history":[{"count":2,"href":"https:\/\/italiejumelage.saintmedardasso.fr\/index.php?rest_route=\/wp\/v2\/posts\/3829\/revisions"}],"predecessor-version":[{"id":3831,"href":"https:\/\/italiejumelage.saintmedardasso.fr\/index.php?rest_route=\/wp\/v2\/posts\/3829\/revisions\/3831"}],"wp:featuredmedia":[{"embeddable":true,"href":"https:\/\/italiejumelage.saintmedardasso.fr\/index.php?rest_route=\/wp\/v2\/media\/3434"}],"wp:attachment":[{"href":"https:\/\/italiejumelage.saintmedardasso.fr\/index.php?rest_route=%2Fwp%2Fv2%2Fmedia&parent=3829"}],"wp:term":[{"taxonomy":"category","embeddable":true,"href":"https:\/\/italiejumelage.saintmedardasso.fr\/index.php?rest_route=%2Fwp%2Fv2%2Fcategories&post=3829"},{"taxonomy":"post_tag","embeddable":true,"href":"https:\/\/italiejumelage.saintmedardasso.fr\/index.php?rest_route=%2Fwp%2Fv2%2Ftags&post=3829"}],"curies":[{"name":"wp","href":"https:\/\/api.w.org\/{rel}","templated":true}]}}