{"id":3839,"date":"2023-06-17T09:18:55","date_gmt":"2023-06-17T07:18:55","guid":{"rendered":"http:\/\/italiejumelage.saintmedardasso.fr\/?p=3839"},"modified":"2024-06-06T14:18:14","modified_gmt":"2024-06-06T12:18:14","slug":"fete-de-lete-2023","status":"publish","type":"post","link":"https:\/\/italiejumelage.saintmedardasso.fr\/?p=3839","title":{"rendered":"F\u00eate de l&rsquo;\u00e9t\u00e9 2023"},"content":{"rendered":"\n<figure class=\"wp-block-image size-full is-resized is-style-default\"><img loading=\"lazy\" decoding=\"async\" src=\"https:\/\/italiejumelage.saintmedardasso.fr\/wp-content\/uploads\/2023\/06\/Fete-de-lete-2023.png\" alt=\"\" class=\"wp-image-3838\" width=\"794\" height=\"360\" srcset=\"https:\/\/italiejumelage.saintmedardasso.fr\/wp-content\/uploads\/2023\/06\/Fete-de-lete-2023.png 794w, https:\/\/italiejumelage.saintmedardasso.fr\/wp-content\/uploads\/2023\/06\/Fete-de-lete-2023-300x136.png 300w, https:\/\/italiejumelage.saintmedardasso.fr\/wp-content\/uploads\/2023\/06\/Fete-de-lete-2023-150x68.png 150w\" sizes=\"auto, (max-width: 794px) 100vw, 794px\" \/><\/figure>\n\n\n\n<p class=\"has-text-color\" style=\"color:#318e6c\"><strong><em>Vendredi 23 juin 2023 \u00e0 18 h 30<\/em><\/strong> <\/p>\n\n\n\n<p class=\"has-vivid-red-color has-text-color\"><em><strong>au P\u00f4le Simone Veil &#8211;<\/strong> <strong>26 rue Aurel Chazeau \u00e0 Saint-M\u00e9dard-en-Jalles<\/strong><\/em><\/p>\n\n\n\n<p><strong><em>Venez partager ce moment de convivialit\u00e9<\/em><\/strong>. <strong><em>Les conjoints sont bien \u00e9videmment invit\u00e9s.<\/em><\/strong><\/p>\n\n\n\n<p class=\"has-luminous-vivid-orange-color has-text-color\"><strong><em>Les adh\u00e9rents am\u00e8neront les plats sal\u00e9s<\/em><\/strong> <strong><em>qui seront les bienvenus.<\/em><\/strong><\/p>\n\n\n\n<p class=\"has-vivid-green-cyan-color has-text-color\"><strong><em>Le Conseil d&rsquo;Administration confectionnera les desserts<\/em><\/strong>.<\/p>\n\n\n\n<p class=\"has-vivid-red-color has-text-color\"><strong><em>Le comit\u00e9 proposera des assiettes froides et les boissons<\/em><\/strong>.<\/p>\n\n\n\n<p><strong><em>Nous esp\u00e9rons avoir la joie de vous retrouver.<\/em><\/strong><\/p>\n\n\n\n<p><\/p>\n\n\n\n<p><\/p>\n","protected":false},"excerpt":{"rendered":"<p>Vendredi 23 juin 2023 \u00e0 18 h 30 au P\u00f4le Simone Veil&hellip;<\/p>\n","protected":false},"author":17,"featured_media":3439,"comment_status":"closed","ping_status":"open","sticky":false,"template":"","format":"standard","meta":{"footnotes":""},"categories":[14],"tags":[],"class_list":["post-3839","post","type-post","status-publish","format-standard","has-post-thumbnail","hentry","category-vie-de-lassociation"],"_links":{"self":[{"href":"https:\/\/italiejumelage.saintmedardasso.fr\/index.php?rest_route=\/wp\/v2\/posts\/3839","targetHints":{"allow":["GET"]}}],"collection":[{"href":"https:\/\/italiejumelage.saintmedardasso.fr\/index.php?rest_route=\/wp\/v2\/posts"}],"about":[{"href":"https:\/\/italiejumelage.saintmedardasso.fr\/index.php?rest_route=\/wp\/v2\/types\/post"}],"author":[{"embeddable":true,"href":"https:\/\/italiejumelage.saintmedardasso.fr\/index.php?rest_route=\/wp\/v2\/users\/17"}],"replies":[{"embeddable":true,"href":"https:\/\/italiejumelage.saintmedardasso.fr\/index.php?rest_route=%2Fwp%2Fv2%2Fcomments&post=3839"}],"version-history":[{"count":9,"href":"https:\/\/italiejumelage.saintmedardasso.fr\/index.php?rest_route=\/wp\/v2\/posts\/3839\/revisions"}],"predecessor-version":[{"id":3927,"href":"https:\/\/italiejumelage.saintmedardasso.fr\/index.php?rest_route=\/wp\/v2\/posts\/3839\/revisions\/3927"}],"wp:featuredmedia":[{"embeddable":true,"href":"https:\/\/italiejumelage.saintmedardasso.fr\/index.php?rest_route=\/wp\/v2\/media\/3439"}],"wp:attachment":[{"href":"https:\/\/italiejumelage.saintmedardasso.fr\/index.php?rest_route=%2Fwp%2Fv2%2Fmedia&parent=3839"}],"wp:term":[{"taxonomy":"category","embeddable":true,"href":"https:\/\/italiejumelage.saintmedardasso.fr\/index.php?rest_route=%2Fwp%2Fv2%2Fcategories&post=3839"},{"taxonomy":"post_tag","embeddable":true,"href":"https:\/\/italiejumelage.saintmedardasso.fr\/index.php?rest_route=%2Fwp%2Fv2%2Ftags&post=3839"}],"curies":[{"name":"wp","href":"https:\/\/api.w.org\/{rel}","templated":true}]}}