{"id":3990,"date":"2023-11-13T10:29:55","date_gmt":"2023-11-13T09:29:55","guid":{"rendered":"https:\/\/italiejumelage.saintmedardasso.fr\/?p=3990"},"modified":"2024-06-02T16:33:33","modified_gmt":"2024-06-02T14:33:33","slug":"conference-du-17-novembre-2023","status":"publish","type":"post","link":"https:\/\/italiejumelage.saintmedardasso.fr\/?p=3990","title":{"rendered":"Conf\u00e9rence du 17 novembre 2023"},"content":{"rendered":"\n<figure class=\"wp-block-image size-large\"><img loading=\"lazy\" decoding=\"async\" width=\"543\" height=\"768\" src=\"https:\/\/italiejumelage.saintmedardasso.fr\/wp-content\/uploads\/2023\/11\/conference-Paris-dans-les-arts-543x768.jpg\" alt=\"\" class=\"wp-image-3989\" srcset=\"https:\/\/italiejumelage.saintmedardasso.fr\/wp-content\/uploads\/2023\/11\/conference-Paris-dans-les-arts-543x768.jpg 543w, https:\/\/italiejumelage.saintmedardasso.fr\/wp-content\/uploads\/2023\/11\/conference-Paris-dans-les-arts-212x300.jpg 212w, https:\/\/italiejumelage.saintmedardasso.fr\/wp-content\/uploads\/2023\/11\/conference-Paris-dans-les-arts-1086x1536.jpg 1086w, https:\/\/italiejumelage.saintmedardasso.fr\/wp-content\/uploads\/2023\/11\/conference-Paris-dans-les-arts-1447x2048.jpg 1447w, https:\/\/italiejumelage.saintmedardasso.fr\/wp-content\/uploads\/2023\/11\/conference-Paris-dans-les-arts-106x150.jpg 106w, https:\/\/italiejumelage.saintmedardasso.fr\/wp-content\/uploads\/2023\/11\/conference-Paris-dans-les-arts.jpg 1653w\" sizes=\"auto, (max-width: 543px) 100vw, 543px\" \/><\/figure>\n\n\n\n<p>Nous organisons le 17 novembre \u00e0 20 h,&nbsp;dans la grande salle du p\u00f4le Simone Veil, une conf\u00e9rence donn\u00e9e par Mr Lavigne, docteur en histoire de l&rsquo;art, sur le th\u00e8me de \u00ab\u00a0Paris dans les arts\u00a0\u00bb. Cette derni\u00e8re sera suivie d&rsquo;un moment de convivialit\u00e9. L&rsquo;entr\u00e9e se fera \u00e0 partir de 19h45 et son prix est de 5 \u20ac.&nbsp; <\/p>\n\n\n\n<p>Nous esp\u00e9rons que ce sera une occasion de vous rencontrer.<\/p>\n\n\n\n<p><\/p>\n","protected":false},"excerpt":{"rendered":"<p>Nous organisons le 17 novembre \u00e0 20 h,&nbsp;dans la grande salle du&hellip;<\/p>\n","protected":false},"author":17,"featured_media":3989,"comment_status":"closed","ping_status":"open","sticky":false,"template":"","format":"standard","meta":{"footnotes":""},"categories":[11],"tags":[],"class_list":["post-3990","post","type-post","status-publish","format-standard","has-post-thumbnail","hentry","category-conferences-cinema-spectacles"],"_links":{"self":[{"href":"https:\/\/italiejumelage.saintmedardasso.fr\/index.php?rest_route=\/wp\/v2\/posts\/3990","targetHints":{"allow":["GET"]}}],"collection":[{"href":"https:\/\/italiejumelage.saintmedardasso.fr\/index.php?rest_route=\/wp\/v2\/posts"}],"about":[{"href":"https:\/\/italiejumelage.saintmedardasso.fr\/index.php?rest_route=\/wp\/v2\/types\/post"}],"author":[{"embeddable":true,"href":"https:\/\/italiejumelage.saintmedardasso.fr\/index.php?rest_route=\/wp\/v2\/users\/17"}],"replies":[{"embeddable":true,"href":"https:\/\/italiejumelage.saintmedardasso.fr\/index.php?rest_route=%2Fwp%2Fv2%2Fcomments&post=3990"}],"version-history":[{"count":2,"href":"https:\/\/italiejumelage.saintmedardasso.fr\/index.php?rest_route=\/wp\/v2\/posts\/3990\/revisions"}],"predecessor-version":[{"id":3992,"href":"https:\/\/italiejumelage.saintmedardasso.fr\/index.php?rest_route=\/wp\/v2\/posts\/3990\/revisions\/3992"}],"wp:featuredmedia":[{"embeddable":true,"href":"https:\/\/italiejumelage.saintmedardasso.fr\/index.php?rest_route=\/wp\/v2\/media\/3989"}],"wp:attachment":[{"href":"https:\/\/italiejumelage.saintmedardasso.fr\/index.php?rest_route=%2Fwp%2Fv2%2Fmedia&parent=3990"}],"wp:term":[{"taxonomy":"category","embeddable":true,"href":"https:\/\/italiejumelage.saintmedardasso.fr\/index.php?rest_route=%2Fwp%2Fv2%2Fcategories&post=3990"},{"taxonomy":"post_tag","embeddable":true,"href":"https:\/\/italiejumelage.saintmedardasso.fr\/index.php?rest_route=%2Fwp%2Fv2%2Ftags&post=3990"}],"curies":[{"name":"wp","href":"https:\/\/api.w.org\/{rel}","templated":true}]}}