{"id":4014,"date":"2024-02-25T14:34:48","date_gmt":"2024-02-25T13:34:48","guid":{"rendered":"https:\/\/italiejumelage.saintmedardasso.fr\/?p=4014"},"modified":"2024-05-16T15:38:18","modified_gmt":"2024-05-16T13:38:18","slug":"assemblee-generale-du-15-mars-2024","status":"publish","type":"post","link":"https:\/\/italiejumelage.saintmedardasso.fr\/?p=4014","title":{"rendered":"Assembl\u00e9e G\u00e9n\u00e9rale du 15 mars 2024"},"content":{"rendered":"\n<p>L&rsquo;Assembl\u00e9e G\u00e9n\u00e9rale aura lieu le 15 mars 2024 \u00e0 partir de 19 h dans la grande salle de l&rsquo;espace Simone Veil &#8211; rue Aurel Chazeau \u00e0 St-M\u00e9dard-en-Jalles.<\/p>\n\n\n\n<p>L&rsquo;assembl\u00e9e g\u00e9n\u00e9rale sera suivie d&rsquo;un moment de convivialit\u00e9 : les adh\u00e9rents sont invit\u00e9s \u00e0 amener un plat sal\u00e9, les membres du conseil d&rsquo;administration am\u00e8neront le sucr\u00e9 et le comit\u00e9 fournira les boissons.<\/p>\n\n\n\n<figure class=\"wp-block-image alignwide size-full\"><img loading=\"lazy\" decoding=\"async\" width=\"800\" height=\"274\" src=\"https:\/\/italiejumelage.saintmedardasso.fr\/wp-content\/uploads\/2022\/03\/Assemblee-Generale-2022.png\" alt=\"\" class=\"wp-image-3401\" srcset=\"https:\/\/italiejumelage.saintmedardasso.fr\/wp-content\/uploads\/2022\/03\/Assemblee-Generale-2022.png 800w, https:\/\/italiejumelage.saintmedardasso.fr\/wp-content\/uploads\/2022\/03\/Assemblee-Generale-2022-300x103.png 300w, https:\/\/italiejumelage.saintmedardasso.fr\/wp-content\/uploads\/2022\/03\/Assemblee-Generale-2022-150x51.png 150w\" sizes=\"auto, (max-width: 800px) 100vw, 800px\" \/><\/figure>\n","protected":false},"excerpt":{"rendered":"<p>L&rsquo;Assembl\u00e9e G\u00e9n\u00e9rale aura lieu le 15 mars 2024 \u00e0 partir de 19&hellip;<\/p>\n","protected":false},"author":17,"featured_media":4037,"comment_status":"closed","ping_status":"open","sticky":false,"template":"","format":"standard","meta":{"footnotes":""},"categories":[14],"tags":[],"class_list":["post-4014","post","type-post","status-publish","format-standard","has-post-thumbnail","hentry","category-vie-de-lassociation"],"_links":{"self":[{"href":"https:\/\/italiejumelage.saintmedardasso.fr\/index.php?rest_route=\/wp\/v2\/posts\/4014","targetHints":{"allow":["GET"]}}],"collection":[{"href":"https:\/\/italiejumelage.saintmedardasso.fr\/index.php?rest_route=\/wp\/v2\/posts"}],"about":[{"href":"https:\/\/italiejumelage.saintmedardasso.fr\/index.php?rest_route=\/wp\/v2\/types\/post"}],"author":[{"embeddable":true,"href":"https:\/\/italiejumelage.saintmedardasso.fr\/index.php?rest_route=\/wp\/v2\/users\/17"}],"replies":[{"embeddable":true,"href":"https:\/\/italiejumelage.saintmedardasso.fr\/index.php?rest_route=%2Fwp%2Fv2%2Fcomments&post=4014"}],"version-history":[{"count":5,"href":"https:\/\/italiejumelage.saintmedardasso.fr\/index.php?rest_route=\/wp\/v2\/posts\/4014\/revisions"}],"predecessor-version":[{"id":4038,"href":"https:\/\/italiejumelage.saintmedardasso.fr\/index.php?rest_route=\/wp\/v2\/posts\/4014\/revisions\/4038"}],"wp:featuredmedia":[{"embeddable":true,"href":"https:\/\/italiejumelage.saintmedardasso.fr\/index.php?rest_route=\/wp\/v2\/media\/4037"}],"wp:attachment":[{"href":"https:\/\/italiejumelage.saintmedardasso.fr\/index.php?rest_route=%2Fwp%2Fv2%2Fmedia&parent=4014"}],"wp:term":[{"taxonomy":"category","embeddable":true,"href":"https:\/\/italiejumelage.saintmedardasso.fr\/index.php?rest_route=%2Fwp%2Fv2%2Fcategories&post=4014"},{"taxonomy":"post_tag","embeddable":true,"href":"https:\/\/italiejumelage.saintmedardasso.fr\/index.php?rest_route=%2Fwp%2Fv2%2Ftags&post=4014"}],"curies":[{"name":"wp","href":"https:\/\/api.w.org\/{rel}","templated":true}]}}