{"id":4088,"date":"2024-06-02T18:41:46","date_gmt":"2024-06-02T16:41:46","guid":{"rendered":"https:\/\/italiejumelage.saintmedardasso.fr\/?p=4088"},"modified":"2024-06-02T18:41:46","modified_gmt":"2024-06-02T16:41:46","slug":"focus-cinema-italien","status":"publish","type":"post","link":"https:\/\/italiejumelage.saintmedardasso.fr\/?p=4088","title":{"rendered":"Focus cin\u00e9ma italien"},"content":{"rendered":"\n<figure class=\"wp-block-table\"><table class=\"has-vivid-red-color has-text-color has-link-color\"><tbody><tr><td>Comme chaque ann\u00e9e la section Italie du comit\u00e9 de jumelage en partenariat avec le cin\u00e9ma l&rsquo;\u00e9toile et les associations\u00a0 Amicci\u00a0d&rsquo;el\u00a0Italia et\u00a0Voyages-Echanges-Partages organise un focus sur le cin\u00e9ma italien. Le programme de ce dernier est le suivant:<br \/>&#8211; Le Titien, l&#8217;empire des couleurs : jeudi 28\/03 \u00e0 20h15\u00a0 en\u00a0 pr\u00e9sence du r\u00e9alisateur<br \/>&#8211; Interdit au chien et aux italiens : dimanche 31\/03 \u00e0 17h30 <br \/>&#8211; Nostalgia : le vendredi 5\/04 probablement aux alentours de 20h <br \/>&#8211; en cl\u00f4ture, Il reste encore demain : le vendredi 12\/04 vers 20h.\u00a0<br \/>A l&rsquo;issue du film de cl\u00f4ture\u00a0vous pourrez vous retrouver et \u00e9changer au bar du carr\u00e9 les colonnes autour d&rsquo;assiettes froides.<\/td><\/tr><\/tbody><\/table><\/figure>\n","protected":false},"excerpt":{"rendered":"<p>Comme chaque ann\u00e9e la section Italie du comit\u00e9 de jumelage en partenariat&hellip;<\/p>\n","protected":false},"author":17,"featured_media":3428,"comment_status":"closed","ping_status":"open","sticky":false,"template":"","format":"standard","meta":{"footnotes":""},"categories":[11],"tags":[],"class_list":["post-4088","post","type-post","status-publish","format-standard","has-post-thumbnail","hentry","category-conferences-cinema-spectacles"],"_links":{"self":[{"href":"https:\/\/italiejumelage.saintmedardasso.fr\/index.php?rest_route=\/wp\/v2\/posts\/4088","targetHints":{"allow":["GET"]}}],"collection":[{"href":"https:\/\/italiejumelage.saintmedardasso.fr\/index.php?rest_route=\/wp\/v2\/posts"}],"about":[{"href":"https:\/\/italiejumelage.saintmedardasso.fr\/index.php?rest_route=\/wp\/v2\/types\/post"}],"author":[{"embeddable":true,"href":"https:\/\/italiejumelage.saintmedardasso.fr\/index.php?rest_route=\/wp\/v2\/users\/17"}],"replies":[{"embeddable":true,"href":"https:\/\/italiejumelage.saintmedardasso.fr\/index.php?rest_route=%2Fwp%2Fv2%2Fcomments&post=4088"}],"version-history":[{"count":1,"href":"https:\/\/italiejumelage.saintmedardasso.fr\/index.php?rest_route=\/wp\/v2\/posts\/4088\/revisions"}],"predecessor-version":[{"id":4089,"href":"https:\/\/italiejumelage.saintmedardasso.fr\/index.php?rest_route=\/wp\/v2\/posts\/4088\/revisions\/4089"}],"wp:featuredmedia":[{"embeddable":true,"href":"https:\/\/italiejumelage.saintmedardasso.fr\/index.php?rest_route=\/wp\/v2\/media\/3428"}],"wp:attachment":[{"href":"https:\/\/italiejumelage.saintmedardasso.fr\/index.php?rest_route=%2Fwp%2Fv2%2Fmedia&parent=4088"}],"wp:term":[{"taxonomy":"category","embeddable":true,"href":"https:\/\/italiejumelage.saintmedardasso.fr\/index.php?rest_route=%2Fwp%2Fv2%2Fcategories&post=4088"},{"taxonomy":"post_tag","embeddable":true,"href":"https:\/\/italiejumelage.saintmedardasso.fr\/index.php?rest_route=%2Fwp%2Fv2%2Ftags&post=4088"}],"curies":[{"name":"wp","href":"https:\/\/api.w.org\/{rel}","templated":true}]}}