{"id":4092,"date":"2024-06-05T14:55:43","date_gmt":"2024-06-05T12:55:43","guid":{"rendered":"https:\/\/italiejumelage.saintmedardasso.fr\/?p=4092"},"modified":"2024-06-05T14:55:43","modified_gmt":"2024-06-05T12:55:43","slug":"fete-de-lete-2024","status":"publish","type":"post","link":"https:\/\/italiejumelage.saintmedardasso.fr\/?p=4092","title":{"rendered":"F\u00eate de l&rsquo;Et\u00e9 2024"},"content":{"rendered":"\n<figure class=\"wp-block-gallery has-nested-images columns-3 is-cropped wp-block-gallery-1 is-layout-flex wp-block-gallery-is-layout-flex\">\n<figure class=\"wp-block-image size-large is-style-rounded\"><img loading=\"lazy\" decoding=\"async\" width=\"225\" height=\"225\" data-id=\"3985\" src=\"https:\/\/italiejumelage.saintmedardasso.fr\/wp-content\/uploads\/2023\/10\/chapeau-de-paille.jpg\" alt=\"\" class=\"wp-image-3985\" srcset=\"https:\/\/italiejumelage.saintmedardasso.fr\/wp-content\/uploads\/2023\/10\/chapeau-de-paille.jpg 225w, https:\/\/italiejumelage.saintmedardasso.fr\/wp-content\/uploads\/2023\/10\/chapeau-de-paille-150x150.jpg 150w\" sizes=\"auto, (max-width: 225px) 100vw, 225px\" \/><\/figure>\n\n\n\n<figure class=\"wp-block-image size-large is-style-rounded\"><img loading=\"lazy\" decoding=\"async\" width=\"257\" height=\"196\" data-id=\"3439\" src=\"https:\/\/italiejumelage.saintmedardasso.fr\/wp-content\/uploads\/2022\/06\/Fete-de-lete-2022.jpg\" alt=\"\" class=\"wp-image-3439\" srcset=\"https:\/\/italiejumelage.saintmedardasso.fr\/wp-content\/uploads\/2022\/06\/Fete-de-lete-2022.jpg 257w, https:\/\/italiejumelage.saintmedardasso.fr\/wp-content\/uploads\/2022\/06\/Fete-de-lete-2022-150x114.jpg 150w\" sizes=\"auto, (max-width: 257px) 100vw, 257px\" \/><\/figure>\n\n\n\n<figure class=\"wp-block-image size-large is-style-default\"><img loading=\"lazy\" decoding=\"async\" width=\"217\" height=\"244\" data-id=\"4097\" src=\"https:\/\/italiejumelage.saintmedardasso.fr\/wp-content\/uploads\/2024\/06\/Ombrelle-edited.png\" alt=\"\" class=\"wp-image-4097\"\/><\/figure>\n<\/figure>\n\n\n\n<p><\/p>\n\n\n\n<p class=\"has-vivid-red-color has-text-color has-link-color wp-elements-fce072e0732c021c6ddcecd195d23698\">Cette ann\u00e9e&nbsp;nous ferons une soir\u00e9e commune aux trois jumelages pour c\u00e9l\u00e9brer la fin de la&nbsp;saison et l&rsquo;arriv\u00e9e de l&rsquo;\u00e9t\u00e9. Cette soir\u00e9e aura lieu le&nbsp;14 juin dans la Salle Simone Veil au P\u00f4le Municipal Simone Veil &#8211; 26 rue Aurel Chazeau \u00e0 partir de 19h.&nbsp;<\/p>\n\n\n\n<p class=\"has-vivid-red-color has-text-color has-link-color wp-elements-0ccaa72ade43dfc2b6ae41786d148404\">Elle&nbsp;se fera sur le principe de l\u2019auberge espagnole. Les&nbsp;membres des trois conseils d&rsquo;administration&nbsp;apporteront le sucr\u00e9 et les&nbsp;adh\u00e9rents apporteront le sal\u00e9. Le comit\u00e9 g\u00e9n\u00e9ral prendra en charge le vin, la bi\u00e8re et l\u2019eau.<\/p>\n\n\n\n<p class=\"has-vivid-red-color has-text-color has-link-color wp-elements-dc6a7a197e0ebd137ca0234106854beb\">Au plaisir de nous retrouver tr\u00e8s nombreux.<\/p>\n\n\n\n<p><\/p>\n\n\n\n<p><\/p>\n\n\n\n<p><\/p>\n","protected":false},"excerpt":{"rendered":"<p>Cette ann\u00e9e&nbsp;nous ferons une soir\u00e9e commune aux trois jumelages pour c\u00e9l\u00e9brer la&hellip;<\/p>\n","protected":false},"author":17,"featured_media":4094,"comment_status":"closed","ping_status":"open","sticky":false,"template":"","format":"standard","meta":{"footnotes":""},"categories":[14],"tags":[],"class_list":["post-4092","post","type-post","status-publish","format-standard","has-post-thumbnail","hentry","category-vie-de-lassociation"],"_links":{"self":[{"href":"https:\/\/italiejumelage.saintmedardasso.fr\/index.php?rest_route=\/wp\/v2\/posts\/4092","targetHints":{"allow":["GET"]}}],"collection":[{"href":"https:\/\/italiejumelage.saintmedardasso.fr\/index.php?rest_route=\/wp\/v2\/posts"}],"about":[{"href":"https:\/\/italiejumelage.saintmedardasso.fr\/index.php?rest_route=\/wp\/v2\/types\/post"}],"author":[{"embeddable":true,"href":"https:\/\/italiejumelage.saintmedardasso.fr\/index.php?rest_route=\/wp\/v2\/users\/17"}],"replies":[{"embeddable":true,"href":"https:\/\/italiejumelage.saintmedardasso.fr\/index.php?rest_route=%2Fwp%2Fv2%2Fcomments&post=4092"}],"version-history":[{"count":5,"href":"https:\/\/italiejumelage.saintmedardasso.fr\/index.php?rest_route=\/wp\/v2\/posts\/4092\/revisions"}],"predecessor-version":[{"id":4099,"href":"https:\/\/italiejumelage.saintmedardasso.fr\/index.php?rest_route=\/wp\/v2\/posts\/4092\/revisions\/4099"}],"wp:featuredmedia":[{"embeddable":true,"href":"https:\/\/italiejumelage.saintmedardasso.fr\/index.php?rest_route=\/wp\/v2\/media\/4094"}],"wp:attachment":[{"href":"https:\/\/italiejumelage.saintmedardasso.fr\/index.php?rest_route=%2Fwp%2Fv2%2Fmedia&parent=4092"}],"wp:term":[{"taxonomy":"category","embeddable":true,"href":"https:\/\/italiejumelage.saintmedardasso.fr\/index.php?rest_route=%2Fwp%2Fv2%2Fcategories&post=4092"},{"taxonomy":"post_tag","embeddable":true,"href":"https:\/\/italiejumelage.saintmedardasso.fr\/index.php?rest_route=%2Fwp%2Fv2%2Ftags&post=4092"}],"curies":[{"name":"wp","href":"https:\/\/api.w.org\/{rel}","templated":true}]}}