{"id":4343,"date":"2024-12-13T16:34:32","date_gmt":"2024-12-13T15:34:32","guid":{"rendered":"https:\/\/italiejumelage.saintmedardasso.fr\/?p=4343"},"modified":"2024-12-17T10:22:07","modified_gmt":"2024-12-17T09:22:07","slug":"ag-du-17-janvier-2025","status":"publish","type":"post","link":"https:\/\/italiejumelage.saintmedardasso.fr\/?p=4343","title":{"rendered":"AG du 17 janvier 2025"},"content":{"rendered":"\n<p>L&rsquo;Assembl\u00e9e G\u00e9n\u00e9rale du Comit\u00e9 Saint-M\u00e9dardais de Jumelage se tiendra le vendredi 17 janvier 2025 \u00e0 19 heures \u00e0 la salle Louise Michel \u00e0 Saint-M\u00e9dard-en-Jalles.<\/p>\n\n\n\n<p>Vous trouverez ci-joint, pour information, la convocation ainsi que l&rsquo;ordre du jour et le pouvoir \u00e0 t\u00e9l\u00e9charger.<\/p>\n\n\n\n<div class=\"wp-block-buttons is-layout-flex wp-block-buttons-is-layout-flex\">\n<div class=\"wp-block-button has-custom-font-size is-style-outline has-small-font-size is-style-outline--1\"><a class=\"wp-block-button__link has-black-color has-cool-to-warm-spectrum-gradient-background has-text-color has-background has-link-color wp-element-button\" href=\"https:\/\/italiejumelage.saintmedardasso.fr\/wp-content\/uploads\/2024\/12\/Convocation-et-ordre-du-jour-AG-17-janvier-2025.pdf\"><strong><em>Convocation AG<\/em><\/strong><\/a><\/div>\n<\/div>\n\n\n\n<div style=\"height:1px\" aria-hidden=\"true\" class=\"wp-block-spacer\"><\/div>\n\n\n\n<div class=\"wp-block-buttons is-layout-flex wp-block-buttons-is-layout-flex\">\n<div class=\"wp-block-button has-custom-font-size is-style-outline has-small-font-size is-style-outline--2\"><a class=\"wp-block-button__link has-blush-light-purple-gradient-background has-background wp-element-button\" href=\"https:\/\/italiejumelage.saintmedardasso.fr\/wp-content\/uploads\/2024\/12\/POUVOIR-POUR-AG-17-janvier-2025.pdf\"><em><strong>Pouvoir AG<\/strong><\/em><\/a><\/div>\n<\/div>\n","protected":false},"excerpt":{"rendered":"<p>L&rsquo;Assembl\u00e9e G\u00e9n\u00e9rale du Comit\u00e9 Saint-M\u00e9dardais de Jumelage se tiendra le vendredi 17&hellip;<\/p>\n","protected":false},"author":17,"featured_media":3401,"comment_status":"closed","ping_status":"open","sticky":false,"template":"","format":"standard","meta":{"footnotes":""},"categories":[14],"tags":[],"class_list":["post-4343","post","type-post","status-publish","format-standard","has-post-thumbnail","hentry","category-vie-de-lassociation"],"_links":{"self":[{"href":"https:\/\/italiejumelage.saintmedardasso.fr\/index.php?rest_route=\/wp\/v2\/posts\/4343","targetHints":{"allow":["GET"]}}],"collection":[{"href":"https:\/\/italiejumelage.saintmedardasso.fr\/index.php?rest_route=\/wp\/v2\/posts"}],"about":[{"href":"https:\/\/italiejumelage.saintmedardasso.fr\/index.php?rest_route=\/wp\/v2\/types\/post"}],"author":[{"embeddable":true,"href":"https:\/\/italiejumelage.saintmedardasso.fr\/index.php?rest_route=\/wp\/v2\/users\/17"}],"replies":[{"embeddable":true,"href":"https:\/\/italiejumelage.saintmedardasso.fr\/index.php?rest_route=%2Fwp%2Fv2%2Fcomments&post=4343"}],"version-history":[{"count":7,"href":"https:\/\/italiejumelage.saintmedardasso.fr\/index.php?rest_route=\/wp\/v2\/posts\/4343\/revisions"}],"predecessor-version":[{"id":4354,"href":"https:\/\/italiejumelage.saintmedardasso.fr\/index.php?rest_route=\/wp\/v2\/posts\/4343\/revisions\/4354"}],"wp:featuredmedia":[{"embeddable":true,"href":"https:\/\/italiejumelage.saintmedardasso.fr\/index.php?rest_route=\/wp\/v2\/media\/3401"}],"wp:attachment":[{"href":"https:\/\/italiejumelage.saintmedardasso.fr\/index.php?rest_route=%2Fwp%2Fv2%2Fmedia&parent=4343"}],"wp:term":[{"taxonomy":"category","embeddable":true,"href":"https:\/\/italiejumelage.saintmedardasso.fr\/index.php?rest_route=%2Fwp%2Fv2%2Fcategories&post=4343"},{"taxonomy":"post_tag","embeddable":true,"href":"https:\/\/italiejumelage.saintmedardasso.fr\/index.php?rest_route=%2Fwp%2Fv2%2Ftags&post=4343"}],"curies":[{"name":"wp","href":"https:\/\/api.w.org\/{rel}","templated":true}]}}