{"id":4372,"date":"2025-01-10T10:49:24","date_gmt":"2025-01-10T09:49:24","guid":{"rendered":"https:\/\/italiejumelage.saintmedardasso.fr\/?p=4372"},"modified":"2025-01-10T10:49:24","modified_gmt":"2025-01-10T09:49:24","slug":"concert-de-la-befana","status":"publish","type":"post","link":"https:\/\/italiejumelage.saintmedardasso.fr\/?p=4372","title":{"rendered":"Concert de la Befana"},"content":{"rendered":"\n<div class=\"wp-block-media-text is-stacked-on-mobile is-vertically-aligned-center\" style=\"grid-template-columns:39% auto\"><figure class=\"wp-block-media-text__media\"><img loading=\"lazy\" decoding=\"async\" width=\"543\" height=\"768\" src=\"https:\/\/italiejumelage.saintmedardasso.fr\/wp-content\/uploads\/2025\/01\/befana2025-543x768.jpg\" alt=\"\" class=\"wp-image-4371 size-full\" srcset=\"https:\/\/italiejumelage.saintmedardasso.fr\/wp-content\/uploads\/2025\/01\/befana2025-543x768.jpg 543w, https:\/\/italiejumelage.saintmedardasso.fr\/wp-content\/uploads\/2025\/01\/befana2025-212x300.jpg 212w, https:\/\/italiejumelage.saintmedardasso.fr\/wp-content\/uploads\/2025\/01\/befana2025-1086x1536.jpg 1086w, https:\/\/italiejumelage.saintmedardasso.fr\/wp-content\/uploads\/2025\/01\/befana2025-1448x2048.jpg 1448w, https:\/\/italiejumelage.saintmedardasso.fr\/wp-content\/uploads\/2025\/01\/befana2025.jpg 1654w\" sizes=\"auto, (max-width: 543px) 100vw, 543px\" \/><\/figure><div class=\"wp-block-media-text__content\">\n<p class=\"has-text-align-left\"><strong>Association Dante Alighieri<\/strong><\/p>\n\n\n\n<p>Chers Amis de l&rsquo;Italie,&nbsp;<\/p>\n\n\n\n<p class=\"has-vivid-red-color has-text-color has-link-color wp-elements-f857977da2a40fa2d85f1aff33e2447e\"><strong>18 JANVIER 2025 \u00e0 18H&nbsp;\u2013&nbsp;CONCERT DE LA \u00ab&nbsp;BEFANA&nbsp;\u00bb<\/strong><\/p>\n\n\n\n<p><strong>Auditorium de l\u2019Ath\u00e9n\u00e9e municipal<\/strong><\/p>\n\n\n\n<p><strong>10 place Saint Christoly-33000-Bordeaux<\/strong><\/p>\n\n\n\n<p><strong>Cette ann\u00e9e notre&nbsp; traditionnel concert de la&nbsp;&nbsp;BEFANA prend une couleur particuli\u00e8re.<\/strong><\/p>\n\n\n\n<p>Il s\u2019inscrit dans un projet artistique et culturel, fruit d&rsquo;un&nbsp;<strong>partenariat entre les conservatoires Jacques Thibaud&nbsp;de Bordeaux et Giovan Battista Martini&nbsp;de Bologne<\/strong>, port\u00e9 par notre association.<\/p>\n\n\n\n<p><strong>Plus de 50 jeunes artistes seront sur sc\u00e8ne avec un programme choisi dans le r\u00e9pertoire de l&rsquo;op\u00e9ra italien.<\/strong><\/p>\n\n\n\n<p><strong>Une d\u00e9l\u00e9gation de jeunes artistes italiens<\/strong>&nbsp;et leurs professeurs sera pr\u00e9sente du 13 au 19 janvier pour une semaine de travail partag\u00e9 avec leurs homologues bordelais ; ensemble,&nbsp;<strong>ils seront sur sc\u00e8ne pour vous le 18 janvier<\/strong>.<\/p>\n\n\n\n<p class=\"has-black-color has-text-color has-link-color wp-elements-4f5f642e7e7f57e98556b975b292fcca\"><strong>Pour plus de renseignements vous pouvez consulter notre site&nbsp;<\/strong><\/p>\n\n\n\n<p class=\"has-vivid-cyan-blue-color has-text-color has-link-color wp-elements-12866206286bc54d1e900f49b35b5cd4\"><strong><a href=\"https:\/\/www\/\" target=\"_blank\" rel=\"noreferrer noopener\">https:\/\/www<\/a>.<a href=\"http:\/\/dante-bordeaux.org\/\" target=\"_blank\" rel=\"noreferrer noopener\">dante-bordeaux.org<\/a><\/strong><\/p>\n\n\n\n<p><strong>N&rsquo;h\u00e9sitez pas \u00e0 diffuser largement cette information.<\/strong><\/p>\n\n\n\n<p class=\"has-vivid-green-cyan-color has-text-color has-link-color wp-elements-01262c30c3c7c32498e29fc1f8c6f568\"><strong>Bu<\/strong><strong>on Anno 2025 !<\/strong><\/p>\n\n\n\n<p class=\"has-vivid-cyan-blue-color has-text-color has-link-color wp-elements-de4350fa09b61c04db6941c90003515d\"><a href=\"http:\/\/www.dante-bordeaux.org\/\" target=\"_blank\" rel=\"noreferrer noopener\">http:\/\/www.dante-bordeaux.org\/<\/a><\/p>\n\n\n\n<p class=\"has-vivid-cyan-blue-color has-text-color has-link-color wp-elements-854e4b300fbaceb956128f25e2487310\"><a rel=\"noreferrer noopener\" target=\"_blank\" href=\"https:\/\/www.facebook.com\/Dante-Alighieri-Bordeaux-564333420336505\/\">Facebook<\/a><br \/><\/p>\n<\/div><\/div>\n","protected":false},"excerpt":{"rendered":"<p>Association Dante Alighieri Chers Amis de l&rsquo;Italie,&nbsp; 18 JANVIER 2025 \u00e0 18H&nbsp;\u2013&nbsp;CONCERT&hellip;<\/p>\n","protected":false},"author":17,"featured_media":4380,"comment_status":"closed","ping_status":"open","sticky":false,"template":"","format":"standard","meta":{"footnotes":""},"categories":[57],"tags":[],"class_list":["post-4372","post","type-post","status-publish","format-standard","has-post-thumbnail","hentry","category-concerts"],"_links":{"self":[{"href":"https:\/\/italiejumelage.saintmedardasso.fr\/index.php?rest_route=\/wp\/v2\/posts\/4372","targetHints":{"allow":["GET"]}}],"collection":[{"href":"https:\/\/italiejumelage.saintmedardasso.fr\/index.php?rest_route=\/wp\/v2\/posts"}],"about":[{"href":"https:\/\/italiejumelage.saintmedardasso.fr\/index.php?rest_route=\/wp\/v2\/types\/post"}],"author":[{"embeddable":true,"href":"https:\/\/italiejumelage.saintmedardasso.fr\/index.php?rest_route=\/wp\/v2\/users\/17"}],"replies":[{"embeddable":true,"href":"https:\/\/italiejumelage.saintmedardasso.fr\/index.php?rest_route=%2Fwp%2Fv2%2Fcomments&post=4372"}],"version-history":[{"count":8,"href":"https:\/\/italiejumelage.saintmedardasso.fr\/index.php?rest_route=\/wp\/v2\/posts\/4372\/revisions"}],"predecessor-version":[{"id":4381,"href":"https:\/\/italiejumelage.saintmedardasso.fr\/index.php?rest_route=\/wp\/v2\/posts\/4372\/revisions\/4381"}],"wp:featuredmedia":[{"embeddable":true,"href":"https:\/\/italiejumelage.saintmedardasso.fr\/index.php?rest_route=\/wp\/v2\/media\/4380"}],"wp:attachment":[{"href":"https:\/\/italiejumelage.saintmedardasso.fr\/index.php?rest_route=%2Fwp%2Fv2%2Fmedia&parent=4372"}],"wp:term":[{"taxonomy":"category","embeddable":true,"href":"https:\/\/italiejumelage.saintmedardasso.fr\/index.php?rest_route=%2Fwp%2Fv2%2Fcategories&post=4372"},{"taxonomy":"post_tag","embeddable":true,"href":"https:\/\/italiejumelage.saintmedardasso.fr\/index.php?rest_route=%2Fwp%2Fv2%2Ftags&post=4372"}],"curies":[{"name":"wp","href":"https:\/\/api.w.org\/{rel}","templated":true}]}}