{"id":4523,"date":"2025-06-02T11:30:34","date_gmt":"2025-06-02T09:30:34","guid":{"rendered":"https:\/\/italiejumelage.saintmedardasso.fr\/?p=4523"},"modified":"2025-06-04T15:02:23","modified_gmt":"2025-06-04T13:02:23","slug":"reception-delegation-italienne","status":"publish","type":"post","link":"https:\/\/italiejumelage.saintmedardasso.fr\/?p=4523","title":{"rendered":"R\u00e9ception d\u00e9l\u00e9gation italienne"},"content":{"rendered":"\n<div style=\"height:10px\" aria-hidden=\"true\" class=\"wp-block-spacer\"><\/div>\n\n\n\n<p class=\"has-black-color has-text-color has-link-color wp-elements-e3079e6e47ca35dccc78c4895fd77ecd\">Samedi 31 mai 2025, la mairie de St M\u00e9dard en Jalles a organis\u00e9 un vin d&rsquo;honneur \u00e0 l&rsquo;occasion&nbsp;de la venue du maire de Sabaudia (Alberto MOSCA) et de la d\u00e9l\u00e9gation italienne.&nbsp;<\/p>\n\n\n\n<p class=\"has-black-color has-text-color has-link-color wp-elements-a43e72a64ece0574a54389e1a7b24e61\">Les membres du comit\u00e9 de&nbsp;jumelage \u00e9taient \u00e9galement convi\u00e9s. Les \u00e9changes ont \u00e9t\u00e9&nbsp;tr\u00e8s chaleureux comme en t\u00e9moignent les photos ci-dessous.<\/p>\n\n\n\n<figure class=\"wp-block-gallery has-nested-images columns-1 is-cropped wp-block-gallery-1 is-layout-flex wp-block-gallery-is-layout-flex\">\n<figure class=\"wp-block-image size-large is-style-rounded\"><img loading=\"lazy\" decoding=\"async\" width=\"1024\" height=\"768\" data-id=\"4520\" src=\"https:\/\/italiejumelage.saintmedardasso.fr\/wp-content\/uploads\/2025\/06\/Delegation-italienne-Sabaudia-1-1024x768.jpg\" alt=\"\" class=\"wp-image-4520\" srcset=\"https:\/\/italiejumelage.saintmedardasso.fr\/wp-content\/uploads\/2025\/06\/Delegation-italienne-Sabaudia-1-1024x768.jpg 1024w, https:\/\/italiejumelage.saintmedardasso.fr\/wp-content\/uploads\/2025\/06\/Delegation-italienne-Sabaudia-1-300x225.jpg 300w, https:\/\/italiejumelage.saintmedardasso.fr\/wp-content\/uploads\/2025\/06\/Delegation-italienne-Sabaudia-1-1536x1152.jpg 1536w, https:\/\/italiejumelage.saintmedardasso.fr\/wp-content\/uploads\/2025\/06\/Delegation-italienne-Sabaudia-1-2048x1536.jpg 2048w\" sizes=\"auto, (max-width: 1024px) 100vw, 1024px\" \/><figcaption class=\"wp-element-caption\"><strong><em>Dans le jardin de la Mairie<\/em><\/strong><\/figcaption><\/figure>\n\n\n\n<figure class=\"wp-block-image size-full is-style-rounded\"><img loading=\"lazy\" decoding=\"async\" width=\"1000\" height=\"750\" data-id=\"4533\" src=\"https:\/\/italiejumelage.saintmedardasso.fr\/wp-content\/uploads\/2025\/06\/Reception-delegation-italienne-2025.jpg\" alt=\"\" class=\"wp-image-4533\" srcset=\"https:\/\/italiejumelage.saintmedardasso.fr\/wp-content\/uploads\/2025\/06\/Reception-delegation-italienne-2025.jpg 1000w, https:\/\/italiejumelage.saintmedardasso.fr\/wp-content\/uploads\/2025\/06\/Reception-delegation-italienne-2025-300x225.jpg 300w\" sizes=\"auto, (max-width: 1000px) 100vw, 1000px\" \/><figcaption class=\"wp-element-caption\"><strong><em>Dans le jardin de la Mairie<\/em><\/strong><\/figcaption><\/figure>\n\n\n\n<figure class=\"wp-block-image size-full is-style-default\"><img loading=\"lazy\" decoding=\"async\" width=\"360\" height=\"480\" data-id=\"4522\" src=\"https:\/\/italiejumelage.saintmedardasso.fr\/wp-content\/uploads\/2025\/06\/Delegation-italienne-Sabaudia-3.jpg\" alt=\"\" class=\"wp-image-4522\" srcset=\"https:\/\/italiejumelage.saintmedardasso.fr\/wp-content\/uploads\/2025\/06\/Delegation-italienne-Sabaudia-3.jpg 360w, https:\/\/italiejumelage.saintmedardasso.fr\/wp-content\/uploads\/2025\/06\/Delegation-italienne-Sabaudia-3-225x300.jpg 225w\" sizes=\"auto, (max-width: 360px) 100vw, 360px\" \/><\/figure>\n<\/figure>\n\n\n\n<blockquote class=\"wp-block-quote is-layout-flow wp-block-quote-is-layout-flow\"><\/blockquote>\n","protected":false},"excerpt":{"rendered":"<p>Samedi 31 mai 2025, la mairie de St M\u00e9dard en Jalles a&hellip;<\/p>\n","protected":false},"author":17,"featured_media":4519,"comment_status":"closed","ping_status":"open","sticky":false,"template":"","format":"standard","meta":{"footnotes":""},"categories":[14],"tags":[],"class_list":["post-4523","post","type-post","status-publish","format-standard","has-post-thumbnail","hentry","category-vie-de-lassociation"],"_links":{"self":[{"href":"https:\/\/italiejumelage.saintmedardasso.fr\/index.php?rest_route=\/wp\/v2\/posts\/4523","targetHints":{"allow":["GET"]}}],"collection":[{"href":"https:\/\/italiejumelage.saintmedardasso.fr\/index.php?rest_route=\/wp\/v2\/posts"}],"about":[{"href":"https:\/\/italiejumelage.saintmedardasso.fr\/index.php?rest_route=\/wp\/v2\/types\/post"}],"author":[{"embeddable":true,"href":"https:\/\/italiejumelage.saintmedardasso.fr\/index.php?rest_route=\/wp\/v2\/users\/17"}],"replies":[{"embeddable":true,"href":"https:\/\/italiejumelage.saintmedardasso.fr\/index.php?rest_route=%2Fwp%2Fv2%2Fcomments&post=4523"}],"version-history":[{"count":8,"href":"https:\/\/italiejumelage.saintmedardasso.fr\/index.php?rest_route=\/wp\/v2\/posts\/4523\/revisions"}],"predecessor-version":[{"id":4535,"href":"https:\/\/italiejumelage.saintmedardasso.fr\/index.php?rest_route=\/wp\/v2\/posts\/4523\/revisions\/4535"}],"wp:featuredmedia":[{"embeddable":true,"href":"https:\/\/italiejumelage.saintmedardasso.fr\/index.php?rest_route=\/wp\/v2\/media\/4519"}],"wp:attachment":[{"href":"https:\/\/italiejumelage.saintmedardasso.fr\/index.php?rest_route=%2Fwp%2Fv2%2Fmedia&parent=4523"}],"wp:term":[{"taxonomy":"category","embeddable":true,"href":"https:\/\/italiejumelage.saintmedardasso.fr\/index.php?rest_route=%2Fwp%2Fv2%2Fcategories&post=4523"},{"taxonomy":"post_tag","embeddable":true,"href":"https:\/\/italiejumelage.saintmedardasso.fr\/index.php?rest_route=%2Fwp%2Fv2%2Ftags&post=4523"}],"curies":[{"name":"wp","href":"https:\/\/api.w.org\/{rel}","templated":true}]}}