{"id":4573,"date":"2025-09-06T14:34:15","date_gmt":"2025-09-06T12:34:15","guid":{"rendered":"https:\/\/italiejumelage.saintmedardasso.fr\/?p=4573"},"modified":"2025-09-06T14:34:15","modified_gmt":"2025-09-06T12:34:15","slug":"fete-des-comites","status":"publish","type":"post","link":"https:\/\/italiejumelage.saintmedardasso.fr\/?p=4573","title":{"rendered":"F\u00eate des comit\u00e9s"},"content":{"rendered":"\n<p>Bonjour \u00e0 tous,<\/p>\n\n\n\n<p>Je vous rappelle notre f\u00eate des comit\u00e9s qui remplace pour cette ann\u00e9e le\u00a0rallye : elle aura lieu\u00a0le <strong>dimanche 21 septembre,\u00a0au parc de Feydit<\/strong>.<\/p>\n\n\n\n<p>J&rsquo;ai retenu le site <strong>de 11h \u00e0 18H<\/strong>, chacun apporte son\u00a0 repas, le comit\u00e9<br \/>g\u00e9n\u00e9ral apporte des boissons (ap\u00e9ro, vins, bi\u00e8res).<\/p>\n\n\n\n<p>Il y aura des jeux collectifs l&rsquo;apr\u00e8s-midi.<\/p>\n\n\n\n<p>Venez nombreux, apportez votre bonne humeur.<\/p>\n\n\n\n<p>Parlez-en au carrefour des associations.<\/p>\n\n\n\n<p>Pour le bureau du comit\u00e9 g\u00e9n\u00e9ral<\/p>\n\n\n\n<p>Amicalement<\/p>\n\n\n\n<p>Christian Bardou<\/p>\n","protected":false},"excerpt":{"rendered":"<p>Bonjour \u00e0 tous, Je vous rappelle notre f\u00eate des comit\u00e9s qui remplace&hellip;<\/p>\n","protected":false},"author":17,"featured_media":0,"comment_status":"closed","ping_status":"open","sticky":false,"template":"","format":"standard","meta":{"footnotes":""},"categories":[14],"tags":[],"class_list":["post-4573","post","type-post","status-publish","format-standard","hentry","category-vie-de-lassociation"],"_links":{"self":[{"href":"https:\/\/italiejumelage.saintmedardasso.fr\/index.php?rest_route=\/wp\/v2\/posts\/4573","targetHints":{"allow":["GET"]}}],"collection":[{"href":"https:\/\/italiejumelage.saintmedardasso.fr\/index.php?rest_route=\/wp\/v2\/posts"}],"about":[{"href":"https:\/\/italiejumelage.saintmedardasso.fr\/index.php?rest_route=\/wp\/v2\/types\/post"}],"author":[{"embeddable":true,"href":"https:\/\/italiejumelage.saintmedardasso.fr\/index.php?rest_route=\/wp\/v2\/users\/17"}],"replies":[{"embeddable":true,"href":"https:\/\/italiejumelage.saintmedardasso.fr\/index.php?rest_route=%2Fwp%2Fv2%2Fcomments&post=4573"}],"version-history":[{"count":3,"href":"https:\/\/italiejumelage.saintmedardasso.fr\/index.php?rest_route=\/wp\/v2\/posts\/4573\/revisions"}],"predecessor-version":[{"id":4576,"href":"https:\/\/italiejumelage.saintmedardasso.fr\/index.php?rest_route=\/wp\/v2\/posts\/4573\/revisions\/4576"}],"wp:attachment":[{"href":"https:\/\/italiejumelage.saintmedardasso.fr\/index.php?rest_route=%2Fwp%2Fv2%2Fmedia&parent=4573"}],"wp:term":[{"taxonomy":"category","embeddable":true,"href":"https:\/\/italiejumelage.saintmedardasso.fr\/index.php?rest_route=%2Fwp%2Fv2%2Fcategories&post=4573"},{"taxonomy":"post_tag","embeddable":true,"href":"https:\/\/italiejumelage.saintmedardasso.fr\/index.php?rest_route=%2Fwp%2Fv2%2Ftags&post=4573"}],"curies":[{"name":"wp","href":"https:\/\/api.w.org\/{rel}","templated":true}]}}