{"id":4586,"date":"2025-09-18T19:02:41","date_gmt":"2025-09-18T17:02:41","guid":{"rendered":"https:\/\/italiejumelage.saintmedardasso.fr\/?p=4586"},"modified":"2025-09-18T19:10:29","modified_gmt":"2025-09-18T17:10:29","slug":"annulation-du-pique-nique","status":"publish","type":"post","link":"https:\/\/italiejumelage.saintmedardasso.fr\/?p=4586","title":{"rendered":"Annulation du Pique-Nique"},"content":{"rendered":"\n<p>Compte tenu du temps pr\u00e9vu le dimanche 21 septembre \u00e0 l&rsquo;occasion de la f\u00eate des comit\u00e9s de jumelage, le pique nique pr\u00e9vu est annul\u00e9.<\/p>\n\n\n\n<p>Ci-joint le message du pr\u00e9sident du Comit\u00e9 g\u00e9n\u00e9ral.<\/p>\n\n\n\n<p>Bien cordialement<\/p>\n\n\n\n<p>Anne Fabre<\/p>\n\n\n\n<p>secr\u00e9taire<\/p>\n\n\n\n<p>En raison de TOUTES LES PREVISIONS METEOROLOGIQUES\u00a0qui annoncent de la<br \/>pluie tout dimanche, nous avons d\u00e9cid\u00e9 d&rsquo;annuler notre pique-nique \u00e0 Feydit<\/p>\n\n\n\n<p>Transmettez la nouvelle \u00e0 tous vos adh\u00e9rents afin que personne ne se<br \/>pr\u00e9sente pour rien sur les lieux.<\/p>\n\n\n\n<p>Merci de votre action rapide.<\/p>\n\n\n\n<p>Christian\u00a0 Bardou<\/p>\n\n\n\n<p><\/p>\n","protected":false},"excerpt":{"rendered":"<p>Compte tenu du temps pr\u00e9vu le dimanche 21 septembre \u00e0 l&rsquo;occasion de&hellip;<\/p>\n","protected":false},"author":17,"featured_media":4585,"comment_status":"closed","ping_status":"open","sticky":false,"template":"","format":"standard","meta":{"footnotes":""},"categories":[14],"tags":[],"class_list":["post-4586","post","type-post","status-publish","format-standard","has-post-thumbnail","hentry","category-vie-de-lassociation"],"_links":{"self":[{"href":"https:\/\/italiejumelage.saintmedardasso.fr\/index.php?rest_route=\/wp\/v2\/posts\/4586","targetHints":{"allow":["GET"]}}],"collection":[{"href":"https:\/\/italiejumelage.saintmedardasso.fr\/index.php?rest_route=\/wp\/v2\/posts"}],"about":[{"href":"https:\/\/italiejumelage.saintmedardasso.fr\/index.php?rest_route=\/wp\/v2\/types\/post"}],"author":[{"embeddable":true,"href":"https:\/\/italiejumelage.saintmedardasso.fr\/index.php?rest_route=\/wp\/v2\/users\/17"}],"replies":[{"embeddable":true,"href":"https:\/\/italiejumelage.saintmedardasso.fr\/index.php?rest_route=%2Fwp%2Fv2%2Fcomments&post=4586"}],"version-history":[{"count":4,"href":"https:\/\/italiejumelage.saintmedardasso.fr\/index.php?rest_route=\/wp\/v2\/posts\/4586\/revisions"}],"predecessor-version":[{"id":4590,"href":"https:\/\/italiejumelage.saintmedardasso.fr\/index.php?rest_route=\/wp\/v2\/posts\/4586\/revisions\/4590"}],"wp:featuredmedia":[{"embeddable":true,"href":"https:\/\/italiejumelage.saintmedardasso.fr\/index.php?rest_route=\/wp\/v2\/media\/4585"}],"wp:attachment":[{"href":"https:\/\/italiejumelage.saintmedardasso.fr\/index.php?rest_route=%2Fwp%2Fv2%2Fmedia&parent=4586"}],"wp:term":[{"taxonomy":"category","embeddable":true,"href":"https:\/\/italiejumelage.saintmedardasso.fr\/index.php?rest_route=%2Fwp%2Fv2%2Fcategories&post=4586"},{"taxonomy":"post_tag","embeddable":true,"href":"https:\/\/italiejumelage.saintmedardasso.fr\/index.php?rest_route=%2Fwp%2Fv2%2Ftags&post=4586"}],"curies":[{"name":"wp","href":"https:\/\/api.w.org\/{rel}","templated":true}]}}