{"id":508,"date":"2010-04-17T21:25:04","date_gmt":"2010-04-17T20:25:04","guid":{"rendered":"http:\/\/italiejumelage.saintmedardasso.fr\/2010\/04\/17\/inauguration-square-sabaudia\/"},"modified":"2010-06-09T17:17:18","modified_gmt":"2010-06-09T16:17:18","slug":"inauguration-square-sabaudia","status":"publish","type":"post","link":"https:\/\/italiejumelage.saintmedardasso.fr\/?p=508","title":{"rendered":"Inauguration \u00ab\u00a0Square Sabaudia\u00a0\u00bb"},"content":{"rendered":"<p style=\"text-align: center;\">C&rsquo;est dans une ambiance tr\u00e8s conviviale avec le soleil au rendez-vous que Monsieur le Maire Serge Lamaison devant un public nombreux et d\u00e9tendu<br \/>\na coup\u00e9 le traditionnel ruban marquant l&rsquo;inauguration du square d\u00e9di\u00e9 \u00e0 notre ville Jumelle \u00ab\u00a0Sabaudia\u00a0\u00bb.<img loading=\"lazy\" decoding=\"async\" class=\"aligncenter size-medium wp-image-513\" title=\"inauguration square Sabaudia\" src=\"https:\/\/italiejumelage.saintmedardasso.fr\/wp-content\/uploads\/2010\/04\/inauguration-square-Sabaudia-300x225.jpg\" alt=\"\" width=\"300\" height=\"225\" srcset=\"https:\/\/italiejumelage.saintmedardasso.fr\/wp-content\/uploads\/2010\/04\/inauguration-square-Sabaudia-300x225.jpg 300w, https:\/\/italiejumelage.saintmedardasso.fr\/wp-content\/uploads\/2010\/04\/inauguration-square-Sabaudia-1024x768.jpg 1024w\" sizes=\"auto, (max-width: 300px) 100vw, 300px\" \/><br \/>\nCette action avait \u00e9t\u00e9 pr\u00e9sent\u00e9e \u00e0 Monsieur le Maire par Dahbia Rigaud,<br \/>\nAdjointe de proximit\u00e9 aux quartiers Ouest,et soutenue par l&rsquo;\u00e9quipe d&rsquo;animation du conseil de quartier.<img loading=\"lazy\" decoding=\"async\" class=\"size-medium wp-image-514 aligncenter\" title=\"inauguration square Sabaudia1\" src=\"https:\/\/italiejumelage.saintmedardasso.fr\/wp-content\/uploads\/2010\/04\/inauguration-square-Sabaudia11-300x225.jpg\" alt=\"\" width=\"300\" height=\"225\" srcset=\"https:\/\/italiejumelage.saintmedardasso.fr\/wp-content\/uploads\/2010\/04\/inauguration-square-Sabaudia11-300x225.jpg 300w, https:\/\/italiejumelage.saintmedardasso.fr\/wp-content\/uploads\/2010\/04\/inauguration-square-Sabaudia11-1024x768.jpg 1024w\" sizes=\"auto, (max-width: 300px) 100vw, 300px\" \/><br \/>\nMerci \u00e0 tous<\/p>\n","protected":false},"excerpt":{"rendered":"<p>C&rsquo;est dans une ambiance tr\u00e8s conviviale avec le soleil au rendez-vous que&hellip;<\/p>\n","protected":false},"author":2,"featured_media":0,"comment_status":"open","ping_status":"open","sticky":false,"template":"","format":"standard","meta":{"footnotes":""},"categories":[14],"tags":[],"class_list":["post-508","post","type-post","status-publish","format-standard","hentry","category-vie-de-lassociation"],"_links":{"self":[{"href":"https:\/\/italiejumelage.saintmedardasso.fr\/index.php?rest_route=\/wp\/v2\/posts\/508","targetHints":{"allow":["GET"]}}],"collection":[{"href":"https:\/\/italiejumelage.saintmedardasso.fr\/index.php?rest_route=\/wp\/v2\/posts"}],"about":[{"href":"https:\/\/italiejumelage.saintmedardasso.fr\/index.php?rest_route=\/wp\/v2\/types\/post"}],"author":[{"embeddable":true,"href":"https:\/\/italiejumelage.saintmedardasso.fr\/index.php?rest_route=\/wp\/v2\/users\/2"}],"replies":[{"embeddable":true,"href":"https:\/\/italiejumelage.saintmedardasso.fr\/index.php?rest_route=%2Fwp%2Fv2%2Fcomments&post=508"}],"version-history":[{"count":5,"href":"https:\/\/italiejumelage.saintmedardasso.fr\/index.php?rest_route=\/wp\/v2\/posts\/508\/revisions"}],"predecessor-version":[{"id":548,"href":"https:\/\/italiejumelage.saintmedardasso.fr\/index.php?rest_route=\/wp\/v2\/posts\/508\/revisions\/548"}],"wp:attachment":[{"href":"https:\/\/italiejumelage.saintmedardasso.fr\/index.php?rest_route=%2Fwp%2Fv2%2Fmedia&parent=508"}],"wp:term":[{"taxonomy":"category","embeddable":true,"href":"https:\/\/italiejumelage.saintmedardasso.fr\/index.php?rest_route=%2Fwp%2Fv2%2Fcategories&post=508"},{"taxonomy":"post_tag","embeddable":true,"href":"https:\/\/italiejumelage.saintmedardasso.fr\/index.php?rest_route=%2Fwp%2Fv2%2Ftags&post=508"}],"curies":[{"name":"wp","href":"https:\/\/api.w.org\/{rel}","templated":true}]}}