{"id":516,"date":"2010-05-02T14:36:43","date_gmt":"2010-05-02T13:36:43","guid":{"rendered":"http:\/\/italiejumelage.saintmedardasso.fr\/?p=516"},"modified":"2010-06-09T17:16:44","modified_gmt":"2010-06-09T16:16:44","slug":"une-delegation-de-merzig-a-saint-medard","status":"publish","type":"post","link":"https:\/\/italiejumelage.saintmedardasso.fr\/?p=516","title":{"rendered":"Une d\u00e9l\u00e9gation de Merzig \u00e0 Saint M\u00e9dard"},"content":{"rendered":"<p><span style=\"text-decoration: underline;\">PROGRAMME PROVISOIRE<\/span><\/p>\n<p><span style=\"text-decoration: underline;\">DU JEUDI 20 AU LUNDI 24 MAI 2010<\/span><\/p>\n<p><strong><span style=\"text-decoration: underline;\">Jeudi 20 Mai<\/span><\/strong><strong> :\u00a0\u00a0\u00a0\u00a0\u00a0 \u00a0Arriv\u00e9e de nos amis allemands \u00e0 19 h 30 \u00e0 la gare routi\u00e8re de St M\u00e9dard, route de Lacanau.<\/strong><\/p>\n<p><strong> <\/strong><\/p>\n<p><strong><span style=\"text-decoration: underline;\">Vendredi 21 Mai<\/span><\/strong><strong> : Excursion sur Royan\u00a0 et croisi\u00e8re autour du\u00a0 phare de\u00a0 Cordouan.<\/strong><\/p>\n<ul>\n<li><strong> <\/strong><strong>Rendez-vous \u00e0 8h15 sur le parking derri\u00e8re le centre culturel de St- M\u00e9dard.<\/strong><\/li>\n<li><strong> <\/strong><strong>D\u00e9part en direction de Royan. De 11 h \u00e0 12h30, excursion en bateau vers le phare de Cordouan, \u00ab\u00a0le roi des phares\u00a0\u00bb, approche de l\u2019Ile Nouvelle, retour par la c\u00f4te de Beaut\u00e9, St Palais et Pontaillac\u00a0. Apr\u00e8s le pique-nique, visite libre de Royan. Retour par la route de la corniche avec d\u00e9couverte de Talmont .<\/strong><\/li>\n<li><strong> <\/strong><strong>Le bus de Merzig et un autre bus assureront le transport. \u00a0Les familles fran\u00e7aises pourront ainsi participer \u00e0 cette journ\u00e9e. Le bus leur sera offert par le comit\u00e9 Allemagne.<\/strong><\/li>\n<\/ul>\n<p><strong> <\/strong><\/p>\n<p><strong><span style=\"text-decoration: underline;\">Samedi 22 Mai<\/span><\/strong><strong> :\u00a0 Journ\u00e9e libre en famille\u00a0:<\/strong><\/p>\n<ul>\n<li><strong>Matin\u00a0: March\u00e9 de St M\u00e9dard en Jalles<\/strong><\/li>\n<li><strong>19 h 30\u00a0: <span style=\"color: #ffff00;\">Buffet et soir\u00e9e\u00a0 \u00ab\u00a0Bal Trad\u00a0\u00bb dans les Grands Foyers du Carr\u00e9 des Jalles<\/span> en pr\u00e9sence du Dr A. Lauer et de M. S. Lamaison, respectivement maires de Merzig et St M\u00e9dard en Jalles. L\u2019orchestre Coutouliou animera la soir\u00e9e\u00a0: Musiques et danses traditionnelles d\u2019ici et d\u2019ailleurs. Ambiance assur\u00e9e.<\/strong><\/li>\n<\/ul>\n<p><strong> <\/strong><\/p>\n<p><strong><span style=\"text-decoration: underline;\">Dimanche 23 Mai<\/span><\/strong><strong> : Excursion sur le bassin d\u2019Arcachon\u00a0: Dune du Pyla, pique-nique, et dans l\u2019apr\u00e8s-midi Arcachon. D\u00e9placement avec le bus de Merzig et un bus offert pour les Fran\u00e7ais.<\/strong><\/p>\n<p><strong> Rendez-vous \u00e0 10 h sur le parking derri\u00e8re le centre culturel.<\/strong><\/p>\n<p><strong> <\/strong><\/p>\n<p><strong><span style=\"text-decoration: underline;\">Lundi 24 Mai<\/span><\/strong><strong> : \u00a0\u00a0 \u00a0Le matin, d\u00e9part de nos amis allemands.<\/strong><\/p>\n<p><strong> <\/strong><strong><br \/>\n<\/strong><\/p>\n","protected":false},"excerpt":{"rendered":"<p>PROGRAMME PROVISOIRE DU JEUDI 20 AU LUNDI 24 MAI 2010 Jeudi 20&hellip;<\/p>\n","protected":false},"author":17,"featured_media":0,"comment_status":"open","ping_status":"open","sticky":false,"template":"","format":"standard","meta":{"footnotes":""},"categories":[14],"tags":[],"class_list":["post-516","post","type-post","status-publish","format-standard","hentry","category-vie-de-lassociation"],"_links":{"self":[{"href":"https:\/\/italiejumelage.saintmedardasso.fr\/index.php?rest_route=\/wp\/v2\/posts\/516","targetHints":{"allow":["GET"]}}],"collection":[{"href":"https:\/\/italiejumelage.saintmedardasso.fr\/index.php?rest_route=\/wp\/v2\/posts"}],"about":[{"href":"https:\/\/italiejumelage.saintmedardasso.fr\/index.php?rest_route=\/wp\/v2\/types\/post"}],"author":[{"embeddable":true,"href":"https:\/\/italiejumelage.saintmedardasso.fr\/index.php?rest_route=\/wp\/v2\/users\/17"}],"replies":[{"embeddable":true,"href":"https:\/\/italiejumelage.saintmedardasso.fr\/index.php?rest_route=%2Fwp%2Fv2%2Fcomments&post=516"}],"version-history":[{"count":5,"href":"https:\/\/italiejumelage.saintmedardasso.fr\/index.php?rest_route=\/wp\/v2\/posts\/516\/revisions"}],"predecessor-version":[{"id":547,"href":"https:\/\/italiejumelage.saintmedardasso.fr\/index.php?rest_route=\/wp\/v2\/posts\/516\/revisions\/547"}],"wp:attachment":[{"href":"https:\/\/italiejumelage.saintmedardasso.fr\/index.php?rest_route=%2Fwp%2Fv2%2Fmedia&parent=516"}],"wp:term":[{"taxonomy":"category","embeddable":true,"href":"https:\/\/italiejumelage.saintmedardasso.fr\/index.php?rest_route=%2Fwp%2Fv2%2Fcategories&post=516"},{"taxonomy":"post_tag","embeddable":true,"href":"https:\/\/italiejumelage.saintmedardasso.fr\/index.php?rest_route=%2Fwp%2Fv2%2Ftags&post=516"}],"curies":[{"name":"wp","href":"https:\/\/api.w.org\/{rel}","templated":true}]}}