{"id":612,"date":"2010-06-29T12:00:43","date_gmt":"2010-06-29T11:00:43","guid":{"rendered":"http:\/\/italiejumelage.saintmedardasso.fr\/?p=612"},"modified":"2024-06-05T15:17:46","modified_gmt":"2024-06-05T13:17:46","slug":"rome-ile-de-ponza-pompei-sabaudia-naples-mai-2010","status":"publish","type":"post","link":"https:\/\/italiejumelage.saintmedardasso.fr\/?p=612","title":{"rendered":"Le voyage \u00e0 Sabaudia-Mai 2010"},"content":{"rendered":"<p>Dimanche 30 mai Bordeaux M\u00e9rignac 14h45  Vol AF 3128  \u00e0 destination de Rome Fiumicino :<br \/>\nEmbarquement imm\u00e9diat. Nous voil\u00e0 partis, interrogations et espoir nous habitent. <\/p>\n<p>Survol de la Corse, puis la grande bleue\u2026..un peu de r\u00eave et \u2026..nous voici \u00e0 Rome Fiumicino.<br \/>\nUn moment de recherches avant de trouver le comptoir  \u00ab Europcar \u00bb pour les deux voitures de location.<br \/>\nCa y est, formalit\u00e9s et  c\u2019est le OK pour entrer en possession des deux v\u00e9hicules pour effectuer certains de nos d\u00e9placements durant le s\u00e9jour. Agr\u00e9able surprise, l\u2019un des deux est de cat\u00e9gorie sup\u00e9rieure \u00e0 celui qui avait \u00e9t\u00e9 r\u00e9serv\u00e9 (et sans majoration de prix, bonne affaire !!!) En route pour Sabaudia.<\/p>\n<p>Moins de deux apr\u00e8s, nous voici arriv\u00e9s \u00e0 l\u2019H\u00f4tel \u00ab Le Palme \u00bb \u00e0 Sabaudia.<br \/>\nR\u00e9partition des chambres, un couple nous quittera, l\u2019h\u00e9bergement \u00e9tant chez un couple d\u2019amis \u00e0 Sabaudia. <\/p>\n<p>Le d\u00eener \u00e9tant pr\u00e9vu \u00e0 l\u2019H\u00f4tel, nous sommes en attente quand pour certains d\u2019entre nous, \u00e0 quelques instants d\u2019intervalle, ce fut la m\u00eame surprise.<br \/>\nLes amis que nous avons l\u00e0-bas (que certains n\u2019avaient pas vu depuis 10 ans) sont tous venus nous souhaiter la bienvenue. Le temps a pass\u00e9 et personne n\u2019a oubli\u00e9 \u00ab l\u2019autre \u00bb. Moment d\u2019\u00e9motion intense Aujourd\u2019hui encore, nous avons au c\u0153ur le souvenir de ces moments chaleureux.<\/p>\n<p>Le lendemain matin, lundi 31 mai, au moment du petit d\u00e9jeuner, une autre agr\u00e9able surprise nous attendait.<br \/>\nC\u2019\u00e9tait un message de la part de la Mairie. Nous \u00e9tions invit\u00e9s \u00e0 une  petite r\u00e9ception le jeudi midi (dans le programme, journ\u00e9e r\u00e9serv\u00e9e \u00e0 la ville). <\/p>\n<p>C\u2019est le c\u0153ur l\u00e9ger que nous pr\u00eemes le train pour Rome. La Basilique Saint-pierre  \/  la Rome Antique puis le Centre \u2026..et retour avec un peu de fatigue apr\u00e8s une journ\u00e9e bien remplie. Une pointe de regret toutefois pour les personnes qui d\u00e9couvrirent le quartier du \u00ab Colys\u00e9e \u00bb truff\u00e9 de barri\u00e8res de protection (pr\u00e9paratifs de la journ\u00e9e du 2 juin : F\u00eate de la R\u00e9publique en Italie)<\/p>\n<p>Le mardi 1er juin a \u00e9t\u00e9 totalement diff\u00e9rent. Loin des bruits de la ville, destination \u00ab l\u2019Ile de Ponza \u00bb<br \/>\nIle situ\u00e9e en face de Sabaudia. Apr\u00e8s  70mn de travers\u00e9e et une mer un peu agit\u00e9e \u2026a\u00efe, a\u00efe,a\u00efe !!! pour<br \/>\nquelqu\u2019un\u2026..) Ponza s\u2019est offerte \u00e0 nous sous un soleil radieux.  Pour le groupe, pas de voiture, pas de v\u00e9lo. Avant le d\u00e9jeuner, longue balade de d\u00e9couverte parmi les petits chemins bord\u00e9s d\u2019une v\u00e9g\u00e9tation<br \/>\nfleurie.<\/p>\n<p>Etape gourmande dans un restaurant bien sympathique puis chacun s\u2019est dispers\u00e9 avant de se retrouver pour le retour les yeux pleins de beaux souvenirs.<br \/>\nNotre arriv\u00e9e \u00e0 l\u2019h\u00f4tel fut marqu\u00e9e par une surprise. Agr\u00e9able, que cela continue\u2026.. ! Nous \u00e9tions inform\u00e9s que le lendemain, jour de F\u00eate de la R\u00e9publique, nous \u00e9tions tous invit\u00e9s \u00e0 la \u00ab F\u00eate du buffle \u00bb<br \/>\nF\u00eate organis\u00e9e chaque ann\u00e9e le 2 juin. Et \u00e0 cette soir\u00e9e nous devions rencontrer Monsieur Livi, nouveau Pr\u00e9sident des Jumelages. A ne pas manquer.<\/p>\n<p>Le mercredi 2 juin, avec la visite de \u00ab Pomp\u00e9i \u00bb au programme et un retour \u00e0 Sabaudia imp\u00e9ratif \u00e0 19h fut \u00e9pique.<br \/>\nLe \u00ab G.P.S du v\u00e9hicule de t\u00eate  pour ce jour-l\u00e0 \u00bb, nous fit d\u00e9couvrir, tout \u00e0 tour : la montagne\u2026..puis les bas-fonds de \u00ab Pomp\u00e9i  nouvelle ville \u00bb avant de nous faire arriver exactement au lieu de rendez-vous mais avec 1 heures \u00bd  de retard\u2026\u2026Bon il a fallu g\u00e9rer car nous n\u2019avions pas mang\u00e9 !<br \/>\nNous avons eu notre visite d\u2019une dur\u00e9e de 3 heures ainsi que pr\u00e9vu et \u2026..\u00e9tions \u00e0 19heures \u00e0 Sabaudia comme pr\u00e9vu. Ouf !!!<br \/>\nAu cours de la soir\u00e9e, nous avons donc fait connaissance avec Monsieur Livi accompagn\u00e9 de quelques membres du Jumelage et avons pu appr\u00e9cier le plat principal : viande de buffle en sauce (un peu identique \u00e0 une daube) servie sur une excellente polenta.<\/p>\n<p>Le jeudi 3 juin fut consacr\u00e9 \u00e0 la ville de Sabaudia avec visite du march\u00e9 le matin puis la chaleureuse r\u00e9ception \u00e0 la Mairie en pr\u00e9sence de Monsieur le Maire, adjoints, du Pr\u00e9sident des Jumelages et quelques membres du jumelage.<br \/>\nRendez-vous a \u00e9t\u00e9 pris pour la c\u00e9l\u00e9bration du 20\u00e8me anniversaire du Jumelage les 9 et 10 octobre prochains \u00e0 Saint-M\u00e9dard-en-Jalles.<\/p>\n<p>Le vendredi 4 juin, veille du d\u00e9part, a \u00e9t\u00e9 un peu diff\u00e9rente, le groupe s\u2019\u00e9tant dissoci\u00e9. Souhait de rester avec les \u00ab amis \u00bb pour les uns, souhait de d\u00e9couvrir Naples pour d\u2019autres. Quant \u00e0 nous, c\u2019est \u00e0 Sabaudia que nous avons pass\u00e9 la journ\u00e9e. D\u00e9couverte de la ville, photos\u2026\u2026en attendant \u00ab le pot de l\u2019au revoir \u00bb offert \u00e0 tous par Monsieur Livi.<\/p>\n<p>Samedi 5 juin, au petit matin, nous quittions Sabaudia, la t\u00eate bien pleine de souvenirs et au c\u0153ur<br \/>\ncet accueil tr\u00e8s chaleureux re\u00e7us de tous.<\/p>\n<p>A BIENTOT SABAUDIA<br \/>\n\t\t\t\t\t\t\t\t\tAnnick Le Calvez<\/p>\n<div><object width=\"560\" height=\"420\"><param name=\"movie\" value=\"http:\/\/pf.kizoa.com\/sflite.swf?did=950604&#038;k=7342966\"\/><param name=\"wmode\" value=\"transparent\"\/><param name=\"allowFullScreen\" value=\"true\"\/><embed src=\"http:\/\/pf.kizoa.com\/sflite.swf?did=950604&#038;k=7342966\" type=\"application\/x-shockwave-flash\" wmode=\"transparent\" width=\"560\" height=\"420\" allowFullScreen=\"true\"\/><\/object><br \/><a href=\"http:\/\/www.kizoa.fr\/diaporama\/d950604k7342966o2\/sabaudia-2010\"><b>sabaudia-2010<\/b><\/a> &#8211; <i><a href=\"http:\/\/www.kizoa.fr\">partager photos<\/a><\/i><\/div>\n","protected":false},"excerpt":{"rendered":"<p>Dimanche 30 mai Bordeaux M\u00e9rignac 14h45 Vol AF 3128 \u00e0 destination de&hellip;<\/p>\n","protected":false},"author":17,"featured_media":0,"comment_status":"open","ping_status":"open","sticky":false,"template":"","format":"standard","meta":{"footnotes":""},"categories":[10],"tags":[],"class_list":["post-612","post","type-post","status-publish","format-standard","hentry","category-voyages"],"_links":{"self":[{"href":"https:\/\/italiejumelage.saintmedardasso.fr\/index.php?rest_route=\/wp\/v2\/posts\/612","targetHints":{"allow":["GET"]}}],"collection":[{"href":"https:\/\/italiejumelage.saintmedardasso.fr\/index.php?rest_route=\/wp\/v2\/posts"}],"about":[{"href":"https:\/\/italiejumelage.saintmedardasso.fr\/index.php?rest_route=\/wp\/v2\/types\/post"}],"author":[{"embeddable":true,"href":"https:\/\/italiejumelage.saintmedardasso.fr\/index.php?rest_route=\/wp\/v2\/users\/17"}],"replies":[{"embeddable":true,"href":"https:\/\/italiejumelage.saintmedardasso.fr\/index.php?rest_route=%2Fwp%2Fv2%2Fcomments&post=612"}],"version-history":[{"count":7,"href":"https:\/\/italiejumelage.saintmedardasso.fr\/index.php?rest_route=\/wp\/v2\/posts\/612\/revisions"}],"predecessor-version":[{"id":4102,"href":"https:\/\/italiejumelage.saintmedardasso.fr\/index.php?rest_route=\/wp\/v2\/posts\/612\/revisions\/4102"}],"wp:attachment":[{"href":"https:\/\/italiejumelage.saintmedardasso.fr\/index.php?rest_route=%2Fwp%2Fv2%2Fmedia&parent=612"}],"wp:term":[{"taxonomy":"category","embeddable":true,"href":"https:\/\/italiejumelage.saintmedardasso.fr\/index.php?rest_route=%2Fwp%2Fv2%2Fcategories&post=612"},{"taxonomy":"post_tag","embeddable":true,"href":"https:\/\/italiejumelage.saintmedardasso.fr\/index.php?rest_route=%2Fwp%2Fv2%2Ftags&post=612"}],"curies":[{"name":"wp","href":"https:\/\/api.w.org\/{rel}","templated":true}]}}