{"id":649,"date":"2010-09-17T16:33:32","date_gmt":"2010-09-17T15:33:32","guid":{"rendered":"http:\/\/italiejumelage.saintmedardasso.fr\/?p=649"},"modified":"2010-09-17T16:53:29","modified_gmt":"2010-09-17T15:53:29","slug":"conference-sabaudia-a-travers-son-architecture","status":"publish","type":"post","link":"https:\/\/italiejumelage.saintmedardasso.fr\/?p=649","title":{"rendered":"CONFERENCE \u00ab\u00a0SABAUDIA  \u00e0 travers son Architecture\u00a0\u00bb"},"content":{"rendered":"<h3 style=\"text-align: center;\">Dans le cadre du 20eme anniversaire<\/h3>\n<h3 style=\"text-align: center;\">du jumelage de<\/h3>\n<h3 style=\"text-align: center;\">SAINT-MEDARD-EN-JALLES avec la ville de SABAUDIA<\/h3>\n<h3 style=\"text-align: center;\">nous vous invitons tous \u00e0 une conf\u00e9rence\u00a0 anim\u00e9e par\u00a0 Laura BRIZI (enseignante d\u2019italien )<\/h3>\n<h3 style=\"text-align: center;\"><span style=\"color: #ffff99;\"><em><strong>SABAUDIA\u00a0 \u00e0 travers son Architecture<\/strong><\/em><\/span><\/h3>\n<p><span style=\"color: #ffff99;\"><em><strong><br \/>\n<\/strong><\/em><\/span><\/p>\n<p style=\"text-align: center;\"><strong><img loading=\"lazy\" decoding=\"async\" class=\"aligncenter size-large wp-image-653\" title=\"sabaudia--2010-012aw\" src=\"https:\/\/italiejumelage.saintmedardasso.fr\/wp-content\/uploads\/2010\/09\/sabaudia-2010-012aw-804x768.jpg\" alt=\"\" width=\"482\" height=\"461\" srcset=\"https:\/\/italiejumelage.saintmedardasso.fr\/wp-content\/uploads\/2010\/09\/sabaudia-2010-012aw-804x768.jpg 804w, https:\/\/italiejumelage.saintmedardasso.fr\/wp-content\/uploads\/2010\/09\/sabaudia-2010-012aw-300x286.jpg 300w\" sizes=\"auto, (max-width: 482px) 100vw, 482px\" \/><\/strong><\/p>\n<h3 style=\"text-align: center;\">1<sup>er<\/sup> octobre 2010 \u00e0 20h30<\/h3>\n<h3 style=\"text-align: center;\">Espace Georges Brassens<\/h3>\n<h3 style=\"text-align: center;\">(Avenue Anatole France \u00e0 Saint M\u00e9dard en Jalles, \u00e0 c\u00f4t\u00e9 de l&rsquo;Espace Aquatique)<\/h3>\n<h3 style=\"text-align: center;\">Pour tout public \/ Entr\u00e9e gratuite<\/h3>\n<h3 style=\"text-align: center;\">Venez nombreux<\/h3>\n","protected":false},"excerpt":{"rendered":"<p>Dans le cadre du 20eme anniversaire du jumelage de SAINT-MEDARD-EN-JALLES avec la&hellip;<\/p>\n","protected":false},"author":17,"featured_media":0,"comment_status":"open","ping_status":"open","sticky":false,"template":"","format":"standard","meta":{"footnotes":""},"categories":[11],"tags":[],"class_list":["post-649","post","type-post","status-publish","format-standard","hentry","category-conferences-cinema-spectacles"],"_links":{"self":[{"href":"https:\/\/italiejumelage.saintmedardasso.fr\/index.php?rest_route=\/wp\/v2\/posts\/649","targetHints":{"allow":["GET"]}}],"collection":[{"href":"https:\/\/italiejumelage.saintmedardasso.fr\/index.php?rest_route=\/wp\/v2\/posts"}],"about":[{"href":"https:\/\/italiejumelage.saintmedardasso.fr\/index.php?rest_route=\/wp\/v2\/types\/post"}],"author":[{"embeddable":true,"href":"https:\/\/italiejumelage.saintmedardasso.fr\/index.php?rest_route=\/wp\/v2\/users\/17"}],"replies":[{"embeddable":true,"href":"https:\/\/italiejumelage.saintmedardasso.fr\/index.php?rest_route=%2Fwp%2Fv2%2Fcomments&post=649"}],"version-history":[{"count":6,"href":"https:\/\/italiejumelage.saintmedardasso.fr\/index.php?rest_route=\/wp\/v2\/posts\/649\/revisions"}],"predecessor-version":[{"id":651,"href":"https:\/\/italiejumelage.saintmedardasso.fr\/index.php?rest_route=\/wp\/v2\/posts\/649\/revisions\/651"}],"wp:attachment":[{"href":"https:\/\/italiejumelage.saintmedardasso.fr\/index.php?rest_route=%2Fwp%2Fv2%2Fmedia&parent=649"}],"wp:term":[{"taxonomy":"category","embeddable":true,"href":"https:\/\/italiejumelage.saintmedardasso.fr\/index.php?rest_route=%2Fwp%2Fv2%2Fcategories&post=649"},{"taxonomy":"post_tag","embeddable":true,"href":"https:\/\/italiejumelage.saintmedardasso.fr\/index.php?rest_route=%2Fwp%2Fv2%2Ftags&post=649"}],"curies":[{"name":"wp","href":"https:\/\/api.w.org\/{rel}","templated":true}]}}