{"id":661,"date":"2010-09-16T18:52:54","date_gmt":"2010-09-16T17:52:54","guid":{"rendered":"http:\/\/italiejumelage.saintmedardasso.fr\/?p=661"},"modified":"2010-09-22T19:44:17","modified_gmt":"2010-09-22T18:44:17","slug":"les-20-ans-du-jumelage","status":"publish","type":"post","link":"https:\/\/italiejumelage.saintmedardasso.fr\/?p=661","title":{"rendered":"les 20 ans du  jumelage"},"content":{"rendered":"<p><span style=\"text-decoration: underline;\">CALENDRIER DES MANIFESTATIONS<\/span><\/p>\n<p>Les Associations de Saint-M\u00e9dard-en-Jalles pr\u00e9sentent leurs activit\u00e9s \u00e0 la Ville Jumelle<\/p>\n<ul>\n<li> Samedi 9 Octobre<\/li>\n<\/ul>\n<p>&#8211; Matin\u00a0\u00a0 :\u00a0 <strong> <\/strong><strong><em>March\u00e9 avec Stand de produits de Sabaudia <\/em><\/strong><span style=\"text-decoration: underline;\"><br \/>\n<\/span><\/p>\n<p>&#8211; Apr\u00e8s-midi :\u00a0 <strong>(17 heures)\u00a0\u00a0\u00a0\u00a0\u00a0\u00a0\u00a0 Plantation de l\u2019Olivier dans le Square\u00a0 \u00ab\u00a0Sabaudia\u00a0\u00bb<\/strong><\/p>\n<p>&#8211; Soir\u00e9e :\u00a0 D\u00eener dans les familles<\/p>\n<ul>\n<li> Dimanche 10 octobre<\/li>\n<\/ul>\n<p>Matin\u00e9e: D\u00e9monstration sportives<\/p>\n<p style=\"padding-left: 60px;\">&#8211; Tir \u00e0 l\u2019Arc<\/p>\n<p style=\"padding-left: 60px;\">&#8211; Roller Bug<\/p>\n<p style=\"padding-left: 60px;\">&#8211; Rugby<\/p>\n<p>12h30 : Cocktail offert par la Ville<\/p>\n<p>17 heures :\u00a0 Spectacles culturels<\/p>\n<p style=\"padding-left: 60px;\">-Danse \/ Concert<\/p>\n<p>18h30: C\u00e9r\u00e9monie officielle<\/p>\n<p>20h30\u00a0 :\u00a0\u00a0 D\u00eener officiel\u00a0 auquel peuvent prendre part les adh\u00e9rents (Participation payante)<\/p>\n<p><strong><em><span style=\"text-decoration: underline;\">DERNIERE MINUTE<\/span><\/em><\/strong><strong><em> : 40\/50 personnes sont attendues. <\/em><\/strong><\/p>\n<p><strong><em> <\/em><\/strong><\/p>\n<p><strong><em>Un grand Merci aux Adh\u00e9rents qui souhaiteraient participer \u00e0 l\u2019h\u00e9bergement de nos amis de Sabaudia durant leur s\u00e9jour \u00e0 Saint-M\u00e9dard <\/em><\/strong><\/p>\n<p><strong><em> ( du vendredi soir au lundi\u00a0 ( \u00e0 confirmer)<\/em><\/strong><\/p>\n<p><strong><em> <\/em><\/strong><\/p>\n<p>&#8211;\u00a0\u00a0\u00a0\u00a0\u00a0\u00a0\u00a0\u00a0\u00a0 <a href=\"mailto:clanick@wanadoo.fr\">clanick@wanadoo.fr<\/a> \/ T\u00e9l : 05 56 05 77 23<\/p>\n","protected":false},"excerpt":{"rendered":"<p>CALENDRIER DES MANIFESTATIONS Les Associations de Saint-M\u00e9dard-en-Jalles pr\u00e9sentent leurs activit\u00e9s \u00e0 la&hellip;<\/p>\n","protected":false},"author":17,"featured_media":0,"comment_status":"open","ping_status":"open","sticky":false,"template":"","format":"standard","meta":{"footnotes":""},"categories":[14],"tags":[],"class_list":["post-661","post","type-post","status-publish","format-standard","hentry","category-vie-de-lassociation"],"_links":{"self":[{"href":"https:\/\/italiejumelage.saintmedardasso.fr\/index.php?rest_route=\/wp\/v2\/posts\/661","targetHints":{"allow":["GET"]}}],"collection":[{"href":"https:\/\/italiejumelage.saintmedardasso.fr\/index.php?rest_route=\/wp\/v2\/posts"}],"about":[{"href":"https:\/\/italiejumelage.saintmedardasso.fr\/index.php?rest_route=\/wp\/v2\/types\/post"}],"author":[{"embeddable":true,"href":"https:\/\/italiejumelage.saintmedardasso.fr\/index.php?rest_route=\/wp\/v2\/users\/17"}],"replies":[{"embeddable":true,"href":"https:\/\/italiejumelage.saintmedardasso.fr\/index.php?rest_route=%2Fwp%2Fv2%2Fcomments&post=661"}],"version-history":[{"count":6,"href":"https:\/\/italiejumelage.saintmedardasso.fr\/index.php?rest_route=\/wp\/v2\/posts\/661\/revisions"}],"predecessor-version":[{"id":663,"href":"https:\/\/italiejumelage.saintmedardasso.fr\/index.php?rest_route=\/wp\/v2\/posts\/661\/revisions\/663"}],"wp:attachment":[{"href":"https:\/\/italiejumelage.saintmedardasso.fr\/index.php?rest_route=%2Fwp%2Fv2%2Fmedia&parent=661"}],"wp:term":[{"taxonomy":"category","embeddable":true,"href":"https:\/\/italiejumelage.saintmedardasso.fr\/index.php?rest_route=%2Fwp%2Fv2%2Fcategories&post=661"},{"taxonomy":"post_tag","embeddable":true,"href":"https:\/\/italiejumelage.saintmedardasso.fr\/index.php?rest_route=%2Fwp%2Fv2%2Ftags&post=661"}],"curies":[{"name":"wp","href":"https:\/\/api.w.org\/{rel}","templated":true}]}}