{"id":699,"date":"2010-11-06T19:01:17","date_gmt":"2010-11-06T18:01:17","guid":{"rendered":"http:\/\/italiejumelage.saintmedardasso.fr\/?p=699"},"modified":"2024-06-05T15:14:10","modified_gmt":"2024-06-05T13:14:10","slug":"20ans-toujours","status":"publish","type":"post","link":"https:\/\/italiejumelage.saintmedardasso.fr\/?p=699","title":{"rendered":"20ans toujours"},"content":{"rendered":"<p>Que la F\u00eate fut belle. Certes, les derni\u00e8res heures de pr\u00e9paration donn\u00e8rent lieu \u00e0 une ambiance un peu folle mais aujourd\u2019hui il ne nous reste que les merveilleux souvenirs d\u2019un week-end marqu\u00e9 par la joie d\u2019\u00eatre ensemble pour cet \u00e9v\u00e8nement important dans la vie de notre Association.<\/p>\n<p>Amis du Jumelage, nous pensions pouvoir vous donner rendrez-vous le 21 novembre prochain pour une \u00ab\u00a0Soir\u00e9e Photos\u00a0\u00bb au cours de laquelle chacun aurait pu pr\u00e9senter ses clich\u00e9s autour des souvenirs.<\/p>\n<p>H\u00e9las, l\u2019indisponibilit\u00e9 de la salle \u00ab\u00a0Pierre Mend\u00e8s-France\u00a0\u00bb mais aussi d\u2019autres salles, nous oblige \u00e0 reporter la date de cette r\u00e9union festive.<\/p>\n<p><strong><em> <\/em><\/strong><\/p>\n<p style=\"text-align: center;\"><strong><em> <\/em><\/strong><strong><em>Nous nous retrouverons donc le Vendredi 21 janvier 2011\u00a0 \u00e0\u00a0 18h30<\/em><\/strong><\/p>\n<p style=\"text-align: center;\"><strong><em> Salle Pierre Mend\u00e8s-France \u00e0 Saint-M\u00e9dard-en-Jalles<\/em><\/strong><\/p>\n<p style=\"text-align: center;\"><strong><em> <\/em><\/strong><\/p>\n<p style=\"text-align: center;\"><strong><em> <\/em><\/strong><strong><em><span style=\"text-decoration: underline;\">Programme<\/span><\/em><\/strong><\/p>\n<p style=\"text-align: center;\"><strong><em> <\/em><\/strong><\/p>\n<p style=\"text-align: center;\"><strong><em> &#8211;\u00a0\u00a0\u00a0\u00a0\u00a0\u00a0\u00a0\u00a0 18h30\u00a0\u00a0\u00a0\u00a0\u00a0\u00a0\u00a0\u00a0 Assembl\u00e9e G\u00e9n\u00e9rale des Adh\u00e9rents<\/em><\/strong><\/p>\n<p style=\"text-align: center;\"><strong><em> Elections des membres du nouveau C.A <\/em><\/strong><\/p>\n<p style=\"text-align: center;\"><strong><em> <\/em><\/strong><\/p>\n<p style=\"text-align: center;\"><strong><em> &#8211;\u00a0\u00a0\u00a0\u00a0\u00a0\u00a0\u00a0\u00a0 20h30\u00a0\u00a0\u00a0\u00a0\u00a0\u00a0 Buffet \u00a0\u00a0\u00a0\u00a0\u00a0\u00a0\u00a0\u00a0 Pr\u00e9parations Sal\u00e9es = Membres du C.A<\/em><\/strong><\/p>\n<p style=\"text-align: center;\"><strong><em> Pr\u00e9parations Sucr\u00e9es = Adh\u00e9rents<\/em><\/strong><\/p>\n<p style=\"text-align: center;\"><strong><em> Vins = \u00a0nos Amis Italiens<\/em><\/strong><\/p>\n<p style=\"text-align: center;\"><strong><em> <\/em><\/strong><\/p>\n<p style=\"text-align: center;\"><strong><em>Un diaporama sera pr\u00e9sent\u00e9. Chacun pourra \u00e9galement faire d\u00e9couvrir ses propres \u00ab\u00a0\u0153uvres\u00a0\u00bb et \u00a0place aux souvenirs\u2026..<\/em><\/strong><\/p>\n<p style=\"text-align: center;\"><strong><em> <\/em><\/strong>A tr\u00e8s bient\u00f4t<strong><em> <\/em><\/strong>Bien cordialement<\/p>\n<p style=\"text-align: center;\">Annick Le Calvez<\/p>\n","protected":false},"excerpt":{"rendered":"<p>Que la F\u00eate fut belle. Certes, les derni\u00e8res heures de pr\u00e9paration donn\u00e8rent&hellip;<\/p>\n","protected":false},"author":17,"featured_media":0,"comment_status":"open","ping_status":"open","sticky":false,"template":"","format":"standard","meta":{"footnotes":""},"categories":[14],"tags":[],"class_list":["post-699","post","type-post","status-publish","format-standard","hentry","category-vie-de-lassociation"],"_links":{"self":[{"href":"https:\/\/italiejumelage.saintmedardasso.fr\/index.php?rest_route=\/wp\/v2\/posts\/699","targetHints":{"allow":["GET"]}}],"collection":[{"href":"https:\/\/italiejumelage.saintmedardasso.fr\/index.php?rest_route=\/wp\/v2\/posts"}],"about":[{"href":"https:\/\/italiejumelage.saintmedardasso.fr\/index.php?rest_route=\/wp\/v2\/types\/post"}],"author":[{"embeddable":true,"href":"https:\/\/italiejumelage.saintmedardasso.fr\/index.php?rest_route=\/wp\/v2\/users\/17"}],"replies":[{"embeddable":true,"href":"https:\/\/italiejumelage.saintmedardasso.fr\/index.php?rest_route=%2Fwp%2Fv2%2Fcomments&post=699"}],"version-history":[{"count":2,"href":"https:\/\/italiejumelage.saintmedardasso.fr\/index.php?rest_route=\/wp\/v2\/posts\/699\/revisions"}],"predecessor-version":[{"id":1006,"href":"https:\/\/italiejumelage.saintmedardasso.fr\/index.php?rest_route=\/wp\/v2\/posts\/699\/revisions\/1006"}],"wp:attachment":[{"href":"https:\/\/italiejumelage.saintmedardasso.fr\/index.php?rest_route=%2Fwp%2Fv2%2Fmedia&parent=699"}],"wp:term":[{"taxonomy":"category","embeddable":true,"href":"https:\/\/italiejumelage.saintmedardasso.fr\/index.php?rest_route=%2Fwp%2Fv2%2Fcategories&post=699"},{"taxonomy":"post_tag","embeddable":true,"href":"https:\/\/italiejumelage.saintmedardasso.fr\/index.php?rest_route=%2Fwp%2Fv2%2Ftags&post=699"}],"curies":[{"name":"wp","href":"https:\/\/api.w.org\/{rel}","templated":true}]}}