{"id":761,"date":"2011-05-01T09:00:40","date_gmt":"2011-05-01T08:00:40","guid":{"rendered":"http:\/\/italiejumelage.saintmedardasso.fr\/?p=761"},"modified":"2011-05-01T12:23:49","modified_gmt":"2011-05-01T11:23:49","slug":"cinema-jalles-comite-de-jumelage-italie","status":"publish","type":"post","link":"https:\/\/italiejumelage.saintmedardasso.fr\/?p=761","title":{"rendered":"Cinema Jalles +Comit\u00e9 de jumelage Italie"},"content":{"rendered":"<p style=\"text-align: center;\">Vous \u00eates tous convi\u00e9s au bapt\u00eame\u00a0 du partenariat entre le comit\u00e9 de jumelage Italie et Cin\u00e9 Jalles .<\/p>\n<p>Gr\u00e2ce au dynamisme de notre tr\u00e9sorier , amateur de cin\u00e9ma, il a \u00e9t\u00e9 mis en place un partenariat entre le Comit\u00e9 de jumelage Italie et la dynamique salle de spectacle \u00ab\u00a0Cin\u00e9 Jalles\u00a0\u00bb .<\/p>\n<p>Nous vous donnons donc rendez vous le <strong>4 mai 2011 <\/strong>pour c\u00e9l\u00e9brer cet accord qui d\u00e9bute par le c\u00e9l\u00e8bre \u00a0 film franco-italien:<\/p>\n<h3 style=\"text-align: center;\"><span style=\"color: #ffff99;\"><em><strong>Mort \u00e0 Venise<\/strong><\/em><\/span><\/h3>\n<h3 style=\"text-align: center;\"><span style=\"color: #ffff99;\"><em> <\/em><em>Morte a Venezia<\/em><\/span><\/h3>\n<h3 style=\"text-align: center;\">r\u00e9alis\u00e9 par <span style=\"color: #ffff99;\">Luchino Visconti ,<\/span><\/h3>\n<h3 style=\"text-align: center;\"><em>Prix du 25<sup>e<\/sup> anniversaire du <\/em>Festival de Cannes en 1971<img loading=\"lazy\" decoding=\"async\" class=\"size-full wp-image-796 aligncenter\" title=\"morte-venezia-mort-venise-italie-1971-L-1\" src=\"https:\/\/italiejumelage.saintmedardasso.fr\/wp-content\/uploads\/2011\/03\/morte-venezia-mort-venise-italie-1971-L-1.jpeg\" alt=\"\" width=\"435\" height=\"624\" srcset=\"https:\/\/italiejumelage.saintmedardasso.fr\/wp-content\/uploads\/2011\/03\/morte-venezia-mort-venise-italie-1971-L-1.jpeg 465w, https:\/\/italiejumelage.saintmedardasso.fr\/wp-content\/uploads\/2011\/03\/morte-venezia-mort-venise-italie-1971-L-1-209x300.jpg 209w\" sizes=\"auto, (max-width: 435px) 100vw, 435px\" \/><\/h3>\n<h3 style=\"text-align: center;\"><em> <\/em><\/h3>\n<h3 style=\"text-align: center;\">en VO sous-titr\u00e9 fran\u00e7ais<\/h3>\n","protected":false},"excerpt":{"rendered":"<p>Vous \u00eates tous convi\u00e9s au bapt\u00eame\u00a0 du partenariat entre le comit\u00e9 de&hellip;<\/p>\n","protected":false},"author":17,"featured_media":0,"comment_status":"open","ping_status":"open","sticky":false,"template":"","format":"standard","meta":{"footnotes":""},"categories":[11],"tags":[],"class_list":["post-761","post","type-post","status-publish","format-standard","hentry","category-conferences-cinema-spectacles"],"_links":{"self":[{"href":"https:\/\/italiejumelage.saintmedardasso.fr\/index.php?rest_route=\/wp\/v2\/posts\/761","targetHints":{"allow":["GET"]}}],"collection":[{"href":"https:\/\/italiejumelage.saintmedardasso.fr\/index.php?rest_route=\/wp\/v2\/posts"}],"about":[{"href":"https:\/\/italiejumelage.saintmedardasso.fr\/index.php?rest_route=\/wp\/v2\/types\/post"}],"author":[{"embeddable":true,"href":"https:\/\/italiejumelage.saintmedardasso.fr\/index.php?rest_route=\/wp\/v2\/users\/17"}],"replies":[{"embeddable":true,"href":"https:\/\/italiejumelage.saintmedardasso.fr\/index.php?rest_route=%2Fwp%2Fv2%2Fcomments&post=761"}],"version-history":[{"count":19,"href":"https:\/\/italiejumelage.saintmedardasso.fr\/index.php?rest_route=\/wp\/v2\/posts\/761\/revisions"}],"predecessor-version":[{"id":851,"href":"https:\/\/italiejumelage.saintmedardasso.fr\/index.php?rest_route=\/wp\/v2\/posts\/761\/revisions\/851"}],"wp:attachment":[{"href":"https:\/\/italiejumelage.saintmedardasso.fr\/index.php?rest_route=%2Fwp%2Fv2%2Fmedia&parent=761"}],"wp:term":[{"taxonomy":"category","embeddable":true,"href":"https:\/\/italiejumelage.saintmedardasso.fr\/index.php?rest_route=%2Fwp%2Fv2%2Fcategories&post=761"},{"taxonomy":"post_tag","embeddable":true,"href":"https:\/\/italiejumelage.saintmedardasso.fr\/index.php?rest_route=%2Fwp%2Fv2%2Ftags&post=761"}],"curies":[{"name":"wp","href":"https:\/\/api.w.org\/{rel}","templated":true}]}}