{"id":927,"date":"2011-06-20T13:20:17","date_gmt":"2011-06-20T12:20:17","guid":{"rendered":"http:\/\/italiejumelage.saintmedardasso.fr\/?p=927"},"modified":"2011-07-03T18:09:27","modified_gmt":"2011-07-03T17:09:27","slug":"soiree-de-gala","status":"publish","type":"post","link":"https:\/\/italiejumelage.saintmedardasso.fr\/?p=927","title":{"rendered":"Soir\u00e9e de Gala"},"content":{"rendered":"<p>Nous avons \u00e9t\u00e9s re\u00e7us comme des rois!!! regardez, un clic sur l&rsquo;image puis sur diaporama .<a href=\"http:\/\/www.flickr.com\/photos\/46363975@N07\/\"><img loading=\"lazy\" decoding=\"async\" class=\"aligncenter size-medium wp-image-928\" title=\"Sabaudia-2011-224-Diner-de-gala\" src=\"https:\/\/italiejumelage.saintmedardasso.fr\/wp-content\/uploads\/2011\/06\/Sabaudia-2011-224-Diner-de-gala-300x224.jpg\" alt=\"\" width=\"300\" height=\"224\" srcset=\"https:\/\/italiejumelage.saintmedardasso.fr\/wp-content\/uploads\/2011\/06\/Sabaudia-2011-224-Diner-de-gala-300x224.jpg 300w, https:\/\/italiejumelage.saintmedardasso.fr\/wp-content\/uploads\/2011\/06\/Sabaudia-2011-224-Diner-de-gala.jpg 875w\" sizes=\"auto, (max-width: 300px) 100vw, 300px\" \/><\/a><\/p>\n","protected":false},"excerpt":{"rendered":"<p>Nous avons \u00e9t\u00e9s re\u00e7us comme des rois!!! regardez, un clic sur l&rsquo;image&hellip;<\/p>\n","protected":false},"author":17,"featured_media":0,"comment_status":"open","ping_status":"open","sticky":false,"template":"","format":"standard","meta":{"footnotes":""},"categories":[9,14,10],"tags":[],"class_list":["post-927","post","type-post","status-publish","format-standard","hentry","category-italie-en-photos","category-vie-de-lassociation","category-voyages"],"_links":{"self":[{"href":"https:\/\/italiejumelage.saintmedardasso.fr\/index.php?rest_route=\/wp\/v2\/posts\/927","targetHints":{"allow":["GET"]}}],"collection":[{"href":"https:\/\/italiejumelage.saintmedardasso.fr\/index.php?rest_route=\/wp\/v2\/posts"}],"about":[{"href":"https:\/\/italiejumelage.saintmedardasso.fr\/index.php?rest_route=\/wp\/v2\/types\/post"}],"author":[{"embeddable":true,"href":"https:\/\/italiejumelage.saintmedardasso.fr\/index.php?rest_route=\/wp\/v2\/users\/17"}],"replies":[{"embeddable":true,"href":"https:\/\/italiejumelage.saintmedardasso.fr\/index.php?rest_route=%2Fwp%2Fv2%2Fcomments&post=927"}],"version-history":[{"count":2,"href":"https:\/\/italiejumelage.saintmedardasso.fr\/index.php?rest_route=\/wp\/v2\/posts\/927\/revisions"}],"predecessor-version":[{"id":959,"href":"https:\/\/italiejumelage.saintmedardasso.fr\/index.php?rest_route=\/wp\/v2\/posts\/927\/revisions\/959"}],"wp:attachment":[{"href":"https:\/\/italiejumelage.saintmedardasso.fr\/index.php?rest_route=%2Fwp%2Fv2%2Fmedia&parent=927"}],"wp:term":[{"taxonomy":"category","embeddable":true,"href":"https:\/\/italiejumelage.saintmedardasso.fr\/index.php?rest_route=%2Fwp%2Fv2%2Fcategories&post=927"},{"taxonomy":"post_tag","embeddable":true,"href":"https:\/\/italiejumelage.saintmedardasso.fr\/index.php?rest_route=%2Fwp%2Fv2%2Ftags&post=927"}],"curies":[{"name":"wp","href":"https:\/\/api.w.org\/{rel}","templated":true}]}}